{"id":8011,"date":"2014-06-02T01:19:03","date_gmt":"2014-06-01T23:19:03","guid":{"rendered":"https:\/\/www.iitr.de\/blog\/?p=8011"},"modified":"2025-09-03T13:08:43","modified_gmt":"2025-09-03T11:08:43","slug":"google-urteil-eugh-datenschutz-informationsfreiheit","status":"publish","type":"post","link":"https:\/\/www.iitr.de\/blog\/google-urteil-eugh-datenschutz-informationsfreiheit\/8011\/","title":{"rendered":"Google-Urteil des EuGH: Datenschutz und Informationsfreiheit"},"content":{"rendered":"<p><img loading=\"lazy\" decoding=\"async\" src=\"https:\/\/www.iitr.de\/blog\/wp-content\/uploads\/2012\/10\/iitr-icon_65x65.gif\" alt=\"IITR Information\" width=\"65\" height=\"65\" align=\"left\" hspace=\"5\" vspace=\"5\" \/>[<a href=\"https:\/\/www.iitr.de\/\" target=\"_blank\" rel=\"noopener noreferrer\">IITR<\/a> &#8211; 2.6.14] Der\u00a0EuGH hat mit Urteil vom 13.5.2014\u00a0(Az.: C \u2013 131\/12) (<a href=\"http:\/\/curia.europa.eu\/juris\/document\/document.jsf?text=&amp;docid=152065&amp;pageIndex=0&amp;doclang=DE&amp;mode=req&amp;dir=&amp;occ=first&amp;part=1&amp;cid=252617\" target=\"_blank\" rel=\"noopener noreferrer\">Volltext der Entscheidung<\/a> \/ <a href=\"http:\/\/curia.europa.eu\/jcms\/upload\/docs\/application\/pdf\/2014-05\/cp140070de.pdf\" target=\"_blank\" rel=\"noopener noreferrer\">Pressemitteilung zu der Entscheidung<\/a>) festgestellt, dass\u00a0&#8222;der Betreiber einer Internetsuchmaschine [&#8230;]\u00a0bei personenbezogenen Daten, die auf von Dritten ver\u00f6ffentlichten Internetseiten erscheinen, f\u00fcr die von ihm\u00a0vorgenommene Verarbeitung verantwortlich ist&#8220;. Google hat inzwischen reagiert und ein Online-Antragsformular f\u00fcr die L\u00f6schung datenschutzwidriger Inhalte zur Verf\u00fcgung gestellt. Ferner m\u00f6chte das Unternehmen einen <a href=\"http:\/\/www.ft.com\/cms\/s\/2\/b827b658-e708-11e3-88be-00144feabdc0.html#axzz33Arh2N00\" target=\"_blank\" rel=\"noopener noreferrer\">europ\u00e4ischen Datenschutz-Beirat<\/a> einrichten.<\/p>\n<p><!--more--><\/p>\n<p>Die kurz vor der Wahl des europ\u00e4ischen Parlaments verk\u00fcndete Entscheidung hat bei vielen Datensch\u00fctzern f\u00fcr \u00dcberraschung gesorgt, da die Entscheidung deutlich \u00fcber die <a href=\"http:\/\/curia.europa.eu\/jcms\/upload\/docs\/application\/pdf\/2013-06\/cp130077de.pdf\" target=\"_blank\" rel=\"noopener noreferrer\">Empfehlungen des Generalanwalts<\/a> hinausging.<\/p>\n<p>Dem Urteil zu Grunde lag das Verfahren eines spanischen B\u00fcrgers, der sich gegen\u00a0Google Spain und Google Inc. mit der Begr\u00fcndung wandte, ein bei Eingabe seines Namens erscheinender Bericht \u00fcber finanzielle Schwierigkeiten\u00a0aus dem Jahr 1998 stelle einen Versto\u00df gegen datenschutzrechtliche Vorgaben dar. Seiner Ansicht nach sei der Bericht inhaltlich zwar zutreffend, allerdings die Verlinkung des Jahre zur\u00fcckliegenden Sachverhalts durch Google datenschutzwidrig.<\/p>\n<p>Google indexiert Internet-Seiten. Aufgrund einer Sucheingabe reicht Google die gefundenen Seiten nach Relevanz sortiert an den Anfragenden zur\u00fcck. Diesen Dienst stellt Google derzeit in allen gr\u00f6\u00dferen L\u00e4ndern &#8211; au\u00dfer China &#8211; zur Verf\u00fcgung.<\/p>\n<p><strong>Konsequenz 1: Datenschutz vs. Informationszugang<\/strong><\/p>\n<p>Die bisherigen Reaktionen auf das Urteil waren gemischt. Kernpunkt der Kritik ist zumeist die mit dem Urteil einhergehende Abl\u00f6sung eines auf technischen Kriterien beruhenden Verfahrens zur Anzeige von Suchergebnissen durch ein wertendes Verfahren, welches zwischen\u00a0Informationsfreiheit und Datenschutz einen angemessenen Ausgleich finden soll.<\/p>\n<p>Exemplarisch seien hierzu folgende Beitr\u00e4ge genannt:<\/p>\n<ul>\n<li><a href=\"http:\/\/www.internet-law.de\/2014\/05\/die-haftung-von-google-und-das-recht-auf-vergessenwerden-im-internet.html\" target=\"_blank\" rel=\"noopener noreferrer\">&#8222;Die Haftung von Google und das Recht auf Vergessenwerden im Internet&#8220;<\/a><\/li>\n<li><a href=\"http:\/\/www.delegedata.de\/2014\/05\/das-google-urteil-des-eugh-uebers-ziel-hinaus-geschossen\/\" target=\"_blank\" rel=\"noopener noreferrer\">&#8222;Das Google-Urteil des EuGH \u2013 \u00fcbers Ziel hinaus geschossen?&#8220;<\/a><\/li>\n<li><a href=\"http:\/\/blog.lehofer.at\/2014\/05\/eugh-google-muss-doch-vergessen-das.html\" target=\"_blank\" rel=\"noopener noreferrer\">&#8222;EuGH: Google muss doch vergessen &#8211; das Supergrundrecht auf Datenschutz und die Bowdlerisierung des Internets&#8220;<\/a><\/li>\n<li><a href=\"https:\/\/netzpolitik.org\/2014\/eugh-vergessen-im-netz-muss-moeglich-sein-und-google-muss-sich-an-eu-datenschutzrecht-halten\/\" target=\"_blank\" rel=\"noopener noreferrer\">&#8222;EuGH: Vergessen im Netz muss m\u00f6glich sein und Google muss sich an EU-Datenschutzrecht halten&#8220;<\/a><\/li>\n<li><a href=\"https:\/\/netzpolitik.org\/2014\/kommentar-zum-eugh-urteil-das-gericht-hat-recht-aber-das-ergebnis-ist-falsch\/\" target=\"_blank\" rel=\"noopener noreferrer\">&#8222;Das Gericht hat Recht, aber das Ergebnis ist falsch&#8220;<\/a><\/li>\n<li><a href=\"https:\/\/netzpolitik.org\/2014\/kommentar-zum-eugh-urteil-vorrang-des-datenschutzes-vor-meinungs-und-informationsfreiheit\/\" target=\"_blank\" rel=\"noopener noreferrer\">&#8222;Vorrang des Datenschutzes vor Meinungs- und Informationsfreiheit&#8220;<\/a><\/li>\n<li><a href=\"https:\/\/netzpolitik.org\/2014\/kommentar-zum-eugh-urteil-zuviel-des-guten-privatisierte-rechtsdurchsetzung-auf-dem-vormarsch\/\" target=\"_blank\" rel=\"noopener noreferrer\">&#8222;Zuviel des Guten \u2013 Privatisierte Rechtsdurchsetzung auf dem Vormarsch&#8220;<\/a><\/li>\n<li><a href=\"http:\/\/ehoganlovells.com\/rv\/ff0017abaeb3d7a1fa921ef258449804c8b39636\" target=\"_blank\" rel=\"noopener noreferrer\">EU High Court Grants \u201cRight to Be Forgotten\u201d and Expands Privacy Jurisdiction Over Foreign Companies: What Should Businesses Operating Outside of Europe Do Now?<\/a><\/li>\n<\/ul>\n<p>Praktisch d\u00fcrfte das Urteil damit dazu f\u00fchren, dass Suchmaschinenbetreiber zur Vermeidung von Rechtsstreitigkeiten zur genauen Abw\u00e4gung im Zweifel eher dem Sperrungsverlangen nachkommen und daher die M\u00f6glichkeiten des freien Informationszugangs nicht angemessen ber\u00fccksichtigt werden. Als Alternative pr\u00fcft die Bundesregierung derzeit die <a href=\"http:\/\/www.internet-law.de\/2014\/05\/google-schlichtungsstelle-soll-eugh-urteil-umsetzen.html\" target=\"_blank\" rel=\"noopener noreferrer\">Einrichtung einer staatlichen Schlichtungsstelle<\/a> f\u00fcr diese F\u00e4lle, <a href=\"http:\/\/www.shz.de\/nachrichten\/deutschland-welt\/netzwelt\/die-neuen-herren-ueber-das-vergessen-id6572696.html\" target=\"_blank\" rel=\"noopener noreferrer\">was wiederum auf Kritik sto\u00dfen d\u00fcrfte<\/a>.<\/p>\n<p>Es ist zudem fraglich, ob das gegen Google gerichtete Urteil nicht im Ergebnis so hohe Anforderungen an Suchmaschinenbetreiber stellt, dass nur bereits etablierte Unternehmen wie Google \u00fcberhaupt in der Lage sein k\u00f6nnen, diese in der Praxis umzusetzen und\u00a0damit die Markteintrittsh\u00fcrden f\u00fcr kleinere Suchmaschinenbetreiber letztlich zu erh\u00f6hen.<\/p>\n<p>Ob das Urteil zudem das h\u00e4ufig geforderte \u201eRecht auf Vergessenwerden\u201c\u00a0eingef\u00fchrt hat, bleibt mangels klarer Begrifflichkeit ebenso fraglich (vgl. <a href=\"http:\/\/www.delegedata.de\/2013\/04\/ultimative-gedachtnisse-und-ein-recht-auf-vergessenwerden\/\" target=\"_blank\" rel=\"noopener noreferrer\">vertiefend die Ausf\u00fchrungen hier<\/a>). Einige Fallbeispiele zur Datensperrung nach dem Urteil k\u00f6nnen Sie <a href=\"http:\/\/www.tagesanzeiger.ch\/digital\/multimedia\/Vier-Beispiele-die-Google-loeschen-muesste\/story\/25971660\" target=\"_blank\" rel=\"noopener noreferrer\">hier<\/a> nachlesen.<\/p>\n<p><strong>Konsequenz 2: Sitzlandprinzip vs. Marktortprinzip<\/strong><\/p>\n<p>Eine weitere Konsequenz aus dem Urteil stellt die faktische Abkehr vom bisher vorherrschenden Modell des Sitzlandprinzips (Art. 4\u00a0der EU-Datenschutzrichtlinie 95\/46\/EG) dar, wonach sich die Anwendbarkeit\u00a0nationaler Datenschutzvorgaben im Grundsatz nach den &#8222;Verarbeitungen personenbezogener Daten (&#8230;) [bemisst,]\u00a0die im Rahmen der T\u00e4tigkeiten einer Niederlassung ausgef\u00fchrt werden&#8220;.<\/p>\n<p><a href=\"http:\/\/curia.europa.eu\/jcms\/upload\/docs\/application\/pdf\/2014-05\/cp140070de.pdf\" target=\"_blank\" rel=\"noopener noreferrer\">Der EuGH f\u00fchrt dazu aus<\/a>: &#8222;Das Argument, die von Google Search vorgenommene Verarbeitung personenbezogener Daten werde nicht im Rahmen der T\u00e4tigkeiten dieser Niederlassung in Spanien ausgef\u00fchrt, (&#8230;) [wird]\u00a0mit folgender Begr\u00fcndung (&#8230;) [zur\u00fcckgewiesen]: Bei der Verarbeitung personenbezogener Daten zum Betrieb einer Suchmaschine durch ein Unternehmen mit Sitz in einem Drittstaat, das aber in einem Mitgliedstaat eine Niederlassung besitzt, wird die Verarbeitung im Sinne der Richtlinie \u201eim Rahmen der T\u00e4tigkeiten\u201c dieser Niederlassung ausgef\u00fchrt, wenn diese die Aufgabe hat, in dem betreffenden Mitgliedstaat f\u00fcr die F\u00f6rderung des Verkaufs der Werbefl\u00e4chen der Suchmaschine, mit denen deren Dienstleistung rentabel gemacht werden soll, und diesen Verkauf selbst zu sorgen.&#8220;<\/p>\n<p>Damit gilt f\u00fcr Suchmaschinen im Ergebnis das &#8222;Marktortprinzip&#8220;. Betreiber von Suchmaschinen m\u00fcssen sich in Europa daher nach Ansicht des EuGH in diesen F\u00e4llen hinsichtlich der Datenverarbeitung auch durch die Konzernmutter nach dem jeweils nationalen Datenschutzgesetz richten.<\/p>\n<p>Dies wirft &#8211; neben Fragen der Unternehmenswirklichkeit, der Rechtssicherheit, der Transparenz und der Durchsetzbarkeit &#8211;\u00a0auch den Aspekt auf, was genau unter einer &#8222;Suchmaschine&#8220; zu verstehen ist und ob die dargelegten\u00a0Grunds\u00e4tze nicht letztlich auch auf andere Unternehmen Anwendung finden k\u00f6nnen. Nationale Tochtergesellschaften\/Niederlassungen ausl\u00e4ndischer Konzerne liefen so Gefahr, f\u00fcr s\u00e4mtliche Datenverarbeitungsvorg\u00e4nge auch am Sitz der Muttergesellschaft datenschutzrechtlich zur Verantwortung gezogen zu werden.<\/p>\n<p>Ferner ist damit offen, ob sich der datenschutzrechtliche Anspruch nur auf Europa beschr\u00e4nkt oder letztlich jede einen europ\u00e4ischen B\u00fcrger betreffende Datenverarbeitung erfasst werden soll.<\/p>\n<p>Auch k\u00f6nnte das zuletzt gef\u00e4llte Urteil in Sachen Facebook-Fanpages nach dem EuGH-Urteil\u00a0\u00fcberholt sein und deutsches Datenschutzrecht Anwendung finden (vgl. vertiefend &#8222;<a href=\"http:\/\/www.shz.de\/nachrichten\/deutschland-welt\/netzwelt\/datenschuetzer-als-zensurbehoerde-id6641386.html\" target=\"_blank\" rel=\"noopener noreferrer\">Datensch\u00fctzer als Zensurbeh\u00f6rde?<\/a>&#8222;).<\/p>\n<p><strong>Konsequenz 3: Datenschutz-Intention f\u00fchrt zu paralleler Sperr-Datenbank<\/strong><\/p>\n<p>Eine weitere (bislang noch nicht breit diskutierte) Konsequenz des Urteils ist zudem der notwendige Aufbau einer parallelen &#8222;Sperr-Datenbank&#8220;. Da die Suchmaschinenbetreiber verpflichtet sind, die beanstandeten Inhalte nicht mehr zur Anzeige zu bringen, muss diese Information in einer separaten Datenbank gespeichert werden. Dieser Effekt (&#8222;Datenschutz f\u00fchrt zu umfangreicher Datenspeicherung&#8220;) d\u00fcrfte gerade in dem vorliegenden Zusammenhang zum Tragen kommen. Daher wird im Ergebnis zuk\u00fcnftig nicht nur\u00a0eine Plattform zur Verf\u00fcgung stehen, welche Informationen f\u00fcr die Allgemeinheit bereit h\u00e4lt, sondern zus\u00e4tzlich eine Datenbank angelegt, welche dieser Angaben aus Datenschutzgr\u00fcnden nicht mehr angezeigt werden d\u00fcrfen.<\/p>\n<p><strong>Konsequenz 4: Europ\u00e4ische Datenschutzgrundverordnung erforderlich oder entbehrlich?<\/strong><\/p>\n<p>Unterdessen ist auch eine Diskussion entstanden, ob eine europ\u00e4ische Datenschutzgrundverordnung zur Schaffung eines einheitlichen Datenschutzrechts angesichts der durch das Urteil entstandenen Rechtsfragen\u00a0nun zeitnah angezeigt oder im Gegenteil\u00a0entbehrlich sei, wie der Hessische Datenschutzbeauftragte Herr Professor Dr. Michael Ronellenfitsch <a href=\"http:\/\/www.faz.net\/aktuell\/politik\/staat-und-recht\/nach-dem-luxemburger-urteil-wie-kann-man-google-zum-loeschen-bringen-12948959.html\" target=\"_blank\" rel=\"noopener noreferrer\">in einem Interview<\/a> ausf\u00fchrt.<\/p>\n<p><strong>Fazit<\/strong><\/p>\n<p>Das Urteil des EuGH\u00a0f\u00fchrt zu einem Konflikt zwischen datenschutzrechtlichen Vorgaben und dem Anspruch auf freien und globalen Zugang zu Informationen,\u00a0der nicht nur von Juristen gef\u00fchrt sondern gesamtgesellschaftlich diskutiert werden sollte. Durch das Urteil versch\u00e4rft sich auf Kosten der Unternehmen der politisch bislang ungel\u00f6ste Konflikt, welchem Datenschutzrecht au\u00dfereurop\u00e4ische Unternehmen\u00a0verpflichtet sind und wie diese Vorgaben durchgesetzt werden k\u00f6nnen. Unternehmen sind derzeit gut beraten, sich im Rahmen ihrer jeweiligen\u00a0M\u00f6glichkeiten um die Einhaltung lokaler Datenschutzvorgaben\u00a0zu\u00a0bem\u00fchen.<\/p>\n<blockquote><p><strong>Kontakt:<\/strong><br \/>\nRechtsanwalt <a href=\"https:\/\/www.iitr.de\/unternehmen\/ueber-uns\" target=\"_blank\" rel=\"noopener noreferrer\">Dr. Sebastian Kraska<\/a>, <a href=\"https:\/\/www.iitr.de\/produkte-services\/externer-datenschutzbeauftragter\" target=\"_blank\" rel=\"noopener noreferrer\">externer Datenschutzbeauftragter<\/a><\/p>\n<p>Telefon: 089-1891 7360<br \/>\n<a href=\"https:\/\/www.iitr.de\/kontakt\" target=\"_blank\" rel=\"noopener noreferrer\">E-Mail-Kontaktformular<\/a><br \/>\nE-Mail: <a href=\"mailto:email@iitr.de\">email@iitr.de<\/a><\/p><\/blockquote>\n<p><strong>Information bei neuen Entwicklungen im Datenschutz<\/strong><\/p>\n<p>Tragen Sie sich einfach in unseren <a href=\"https:\/\/www.iitr.de\/newsletter-anmelden\" target=\"_self\" rel=\"noopener noreferrer\">Newsletter<\/a> ein und wir informieren Sie \u00fcber aktuelle Entwicklungen im Datenschutzrecht.<\/p>\n","protected":false},"excerpt":{"rendered":"<p>[IITR &#8211; 2.6.14] Der\u00a0EuGH hat mit Urteil vom 13.5.2014\u00a0(Az.: C \u2013 131\/12) (Volltext der Entscheidung \/ Pressemitteilung zu der Entscheidung) festgestellt, dass\u00a0&#8222;der Betreiber einer Internetsuchmaschine [&#8230;]\u00a0bei personenbezogenen Daten, die auf von Dritten ver\u00f6ffentlichten Internetseiten erscheinen, f\u00fcr die von ihm\u00a0vorgenommene Verarbeitung verantwortlich ist&#8220;. Google hat inzwischen reagiert und ein Online-Antragsformular f\u00fcr die L\u00f6schung datenschutzwidriger Inhalte zur &hellip; <a href=\"https:\/\/www.iitr.de\/blog\/google-urteil-eugh-datenschutz-informationsfreiheit\/8011\/\" class=\"more-link\"><span class=\"screen-reader-text\">Google-Urteil des EuGH: Datenschutz und Informationsfreiheit<\/span> weiterlesen<\/a><\/p>\n","protected":false},"author":14,"featured_media":0,"comment_status":"open","ping_status":"open","sticky":false,"template":"","format":"standard","meta":{"_acf_changed":false,"footnotes":""},"categories":[5,8,3,12,4,6,10,11],"tags":[2851,736,2852,16,226,97,2235,314,165,349,354,28,59,1560,1908,2850,2855,819,2854,2853,2577,2856,569,493,1762,2838],"class_list":["post-8011","post","type-post","status-publish","format-standard","hentry","category-praxis","category-politik","category-news","category-software","category-recht","category-urteile","category-fur-betroffene","category-fur-verarbeitende-stellen","tag-13-5-2014","tag-anwendbarkeit","tag-c-13112","tag-datenschutz","tag-datenschutzbeauftragter","tag-datenschutzer","tag-datenschutzgrundverordnung","tag-datenschutzrecht","tag-eu","tag-eugh","tag-generalanwalt","tag-google","tag-informationelle-selbstbestimmung","tag-informationsfreiheit","tag-informationszugang","tag-internetsuchmaschine","tag-marktortprinzip","tag-rechtsanwalt","tag-sitzlandprinzip","tag-spain","tag-spanien","tag-sperr-datenbank","tag-suchmaschine","tag-transparenz","tag-vergessen","tag-vergessenwerden"],"acf":[],"yoast_head":"<!-- This site is optimized with the Yoast SEO plugin v27.5 - https:\/\/yoast.com\/product\/yoast-seo-wordpress\/ -->\n<title>Google-Urteil des EuGH: Datenschutz und Informationsfreiheit<\/title>\n<meta name=\"description\" content=\"EuGH-Urteil v. 13.5.14: Betreiber einer Internetsuchmaschine wie Google ist f\u00fcr die von ihm vorgenommene Datenverarbeitung verantwortlich.\" \/>\n<meta name=\"robots\" content=\"index, follow, max-snippet:-1, max-image-preview:large, max-video-preview:-1\" \/>\n<link rel=\"canonical\" href=\"https:\/\/www.iitr.de\/blog\/google-urteil-eugh-datenschutz-informationsfreiheit\/8011\/\" \/>\n<meta property=\"og:locale\" content=\"de_DE\" \/>\n<meta property=\"og:type\" content=\"article\" \/>\n<meta property=\"og:title\" content=\"Google-Urteil des EuGH: Datenschutz und Informationsfreiheit\" \/>\n<meta property=\"og:description\" content=\"EuGH-Urteil v. 13.5.14: Betreiber einer Internetsuchmaschine wie Google ist f\u00fcr die von ihm vorgenommene Datenverarbeitung verantwortlich.\" \/>\n<meta property=\"og:url\" content=\"https:\/\/www.iitr.de\/blog\/google-urteil-eugh-datenschutz-informationsfreiheit\/8011\/\" \/>\n<meta property=\"og:site_name\" content=\"Das Datenschutz-Blog\" \/>\n<meta property=\"article:published_time\" content=\"2014-06-01T23:19:03+00:00\" \/>\n<meta property=\"article:modified_time\" content=\"2025-09-03T11:08:43+00:00\" \/>\n<meta property=\"og:image\" content=\"https:\/\/www.iitr.de\/blog\/wp-content\/uploads\/2012\/10\/iitr-icon_65x65.gif\" \/>\n<meta name=\"author\" content=\"Sebastian Kraska\" \/>\n<meta name=\"twitter:card\" content=\"summary_large_image\" \/>\n<meta name=\"twitter:creator\" content=\"@sebkraska\" \/>\n<meta name=\"twitter:site\" content=\"@sebkraska\" \/>\n<meta name=\"twitter:label1\" content=\"Geschrieben von\" \/>\n\t<meta name=\"twitter:data1\" content=\"Sebastian Kraska\" \/>\n\t<meta name=\"twitter:label2\" content=\"Gesch\u00e4tzte Lesezeit\" \/>\n\t<meta name=\"twitter:data2\" content=\"6\u00a0Minuten\" \/>\n<script type=\"application\/ld+json\" class=\"yoast-schema-graph\">{\"@context\":\"https:\\\/\\\/schema.org\",\"@graph\":[{\"@type\":\"Article\",\"@id\":\"https:\\\/\\\/www.iitr.de\\\/blog\\\/google-urteil-eugh-datenschutz-informationsfreiheit\\\/8011\\\/#article\",\"isPartOf\":{\"@id\":\"https:\\\/\\\/www.iitr.de\\\/blog\\\/google-urteil-eugh-datenschutz-informationsfreiheit\\\/8011\\\/\"},\"author\":{\"name\":\"Sebastian Kraska\",\"@id\":\"https:\\\/\\\/www.iitr.de\\\/blog\\\/#\\\/schema\\\/person\\\/632d8781fda6b4fe5a5196f8dff9a01e\"},\"headline\":\"Google-Urteil des EuGH: Datenschutz und Informationsfreiheit\",\"datePublished\":\"2014-06-01T23:19:03+00:00\",\"dateModified\":\"2025-09-03T11:08:43+00:00\",\"mainEntityOfPage\":{\"@id\":\"https:\\\/\\\/www.iitr.de\\\/blog\\\/google-urteil-eugh-datenschutz-informationsfreiheit\\\/8011\\\/\"},\"wordCount\":1122,\"commentCount\":0,\"publisher\":{\"@id\":\"https:\\\/\\\/www.iitr.de\\\/blog\\\/#organization\"},\"image\":{\"@id\":\"https:\\\/\\\/www.iitr.de\\\/blog\\\/google-urteil-eugh-datenschutz-informationsfreiheit\\\/8011\\\/#primaryimage\"},\"thumbnailUrl\":\"https:\\\/\\\/www.iitr.de\\\/blog\\\/wp-content\\\/uploads\\\/2012\\\/10\\\/iitr-icon_65x65.gif\",\"keywords\":[\"13.5.2014\",\"anwendbarkeit\",\"C\u2013131\\\/12\",\"datenschutz\",\"datenschutzbeauftragter\",\"datensch\u00fctzer\",\"Datenschutzgrundverordnung\",\"datenschutzrecht\",\"eu\",\"eugh\",\"generalanwalt\",\"google\",\"informationelle selbstbestimmung\",\"Informationsfreiheit\",\"Informationszugang\",\"Internetsuchmaschine\",\"Marktortprinzip\",\"rechtsanwalt\",\"Sitzlandprinzip\",\"Spain\",\"Spanien\",\"Sperr-Datenbank\",\"suchmaschine\",\"transparenz\",\"Vergessen\",\"Vergessenwerden\"],\"articleSection\":[\"Datenschutz umsetzen in der Praxis\",\"Datenschutz-\u00c4nderungen in Deutschland und Europa\",\"Datenschutz-News\",\"Datenschutz-Software: Tipps, Meinungen, Tests\",\"Datenschutz: Rechte und Pflichten\",\"DSGVO-Urteile\",\"Praxis - F\u00fcr Betroffene\",\"Praxis - Verarbeitende Stellen\"],\"inLanguage\":\"de\",\"potentialAction\":[{\"@type\":\"CommentAction\",\"name\":\"Comment\",\"target\":[\"https:\\\/\\\/www.iitr.de\\\/blog\\\/google-urteil-eugh-datenschutz-informationsfreiheit\\\/8011\\\/#respond\"]}]},{\"@type\":\"WebPage\",\"@id\":\"https:\\\/\\\/www.iitr.de\\\/blog\\\/google-urteil-eugh-datenschutz-informationsfreiheit\\\/8011\\\/\",\"url\":\"https:\\\/\\\/www.iitr.de\\\/blog\\\/google-urteil-eugh-datenschutz-informationsfreiheit\\\/8011\\\/\",\"name\":\"Google-Urteil des EuGH: Datenschutz und Informationsfreiheit\",\"isPartOf\":{\"@id\":\"https:\\\/\\\/www.iitr.de\\\/blog\\\/#website\"},\"primaryImageOfPage\":{\"@id\":\"https:\\\/\\\/www.iitr.de\\\/blog\\\/google-urteil-eugh-datenschutz-informationsfreiheit\\\/8011\\\/#primaryimage\"},\"image\":{\"@id\":\"https:\\\/\\\/www.iitr.de\\\/blog\\\/google-urteil-eugh-datenschutz-informationsfreiheit\\\/8011\\\/#primaryimage\"},\"thumbnailUrl\":\"https:\\\/\\\/www.iitr.de\\\/blog\\\/wp-content\\\/uploads\\\/2012\\\/10\\\/iitr-icon_65x65.gif\",\"datePublished\":\"2014-06-01T23:19:03+00:00\",\"dateModified\":\"2025-09-03T11:08:43+00:00\",\"description\":\"EuGH-Urteil v. 13.5.14: Betreiber einer Internetsuchmaschine wie Google ist f\u00fcr die von ihm vorgenommene Datenverarbeitung verantwortlich.\",\"breadcrumb\":{\"@id\":\"https:\\\/\\\/www.iitr.de\\\/blog\\\/google-urteil-eugh-datenschutz-informationsfreiheit\\\/8011\\\/#breadcrumb\"},\"inLanguage\":\"de\",\"potentialAction\":[{\"@type\":\"ReadAction\",\"target\":[\"https:\\\/\\\/www.iitr.de\\\/blog\\\/google-urteil-eugh-datenschutz-informationsfreiheit\\\/8011\\\/\"]}]},{\"@type\":\"ImageObject\",\"inLanguage\":\"de\",\"@id\":\"https:\\\/\\\/www.iitr.de\\\/blog\\\/google-urteil-eugh-datenschutz-informationsfreiheit\\\/8011\\\/#primaryimage\",\"url\":\"https:\\\/\\\/www.iitr.de\\\/blog\\\/wp-content\\\/uploads\\\/2012\\\/10\\\/iitr-icon_65x65.gif\",\"contentUrl\":\"https:\\\/\\\/www.iitr.de\\\/blog\\\/wp-content\\\/uploads\\\/2012\\\/10\\\/iitr-icon_65x65.gif\",\"width\":\"65\",\"height\":\"65\"},{\"@type\":\"BreadcrumbList\",\"@id\":\"https:\\\/\\\/www.iitr.de\\\/blog\\\/google-urteil-eugh-datenschutz-informationsfreiheit\\\/8011\\\/#breadcrumb\",\"itemListElement\":[{\"@type\":\"ListItem\",\"position\":1,\"name\":\"Startseite\",\"item\":\"https:\\\/\\\/www.iitr.de\\\/blog\\\/\"},{\"@type\":\"ListItem\",\"position\":2,\"name\":\"Google-Urteil des EuGH: Datenschutz und Informationsfreiheit\"}]},{\"@type\":\"WebSite\",\"@id\":\"https:\\\/\\\/www.iitr.de\\\/blog\\\/#website\",\"url\":\"https:\\\/\\\/www.iitr.de\\\/blog\\\/\",\"name\":\"Das Datenschutz-Blog\",\"description\":\"IITR\",\"publisher\":{\"@id\":\"https:\\\/\\\/www.iitr.de\\\/blog\\\/#organization\"},\"potentialAction\":[{\"@type\":\"SearchAction\",\"target\":{\"@type\":\"EntryPoint\",\"urlTemplate\":\"https:\\\/\\\/www.iitr.de\\\/blog\\\/?s={search_term_string}\"},\"query-input\":{\"@type\":\"PropertyValueSpecification\",\"valueRequired\":true,\"valueName\":\"search_term_string\"}}],\"inLanguage\":\"de\"},{\"@type\":\"Organization\",\"@id\":\"https:\\\/\\\/www.iitr.de\\\/blog\\\/#organization\",\"name\":\"IITR Datenschutz GmbH\",\"url\":\"https:\\\/\\\/www.iitr.de\\\/blog\\\/\",\"logo\":{\"@type\":\"ImageObject\",\"inLanguage\":\"de\",\"@id\":\"https:\\\/\\\/www.iitr.de\\\/blog\\\/#\\\/schema\\\/logo\\\/image\\\/\",\"url\":\"https:\\\/\\\/www.iitr.de\\\/blog\\\/wp-content\\\/uploads\\\/2020\\\/09\\\/externer-datenschutzbeauftragter-iitr-gross.jpg\",\"contentUrl\":\"https:\\\/\\\/www.iitr.de\\\/blog\\\/wp-content\\\/uploads\\\/2020\\\/09\\\/externer-datenschutzbeauftragter-iitr-gross.jpg\",\"width\":294,\"height\":100,\"caption\":\"IITR Datenschutz GmbH\"},\"image\":{\"@id\":\"https:\\\/\\\/www.iitr.de\\\/blog\\\/#\\\/schema\\\/logo\\\/image\\\/\"},\"sameAs\":[\"https:\\\/\\\/x.com\\\/sebkraska\",\"https:\\\/\\\/www.youtube.com\\\/user\\\/datenschutzvideos\\\/\"]},{\"@type\":\"Person\",\"@id\":\"https:\\\/\\\/www.iitr.de\\\/blog\\\/#\\\/schema\\\/person\\\/632d8781fda6b4fe5a5196f8dff9a01e\",\"name\":\"Sebastian Kraska\"}]}<\/script>\n<!-- \/ Yoast SEO plugin. -->","yoast_head_json":{"title":"Google-Urteil des EuGH: Datenschutz und Informationsfreiheit","description":"EuGH-Urteil v. 13.5.14: Betreiber einer Internetsuchmaschine wie Google ist f\u00fcr die von ihm vorgenommene Datenverarbeitung verantwortlich.","robots":{"index":"index","follow":"follow","max-snippet":"max-snippet:-1","max-image-preview":"max-image-preview:large","max-video-preview":"max-video-preview:-1"},"canonical":"https:\/\/www.iitr.de\/blog\/google-urteil-eugh-datenschutz-informationsfreiheit\/8011\/","og_locale":"de_DE","og_type":"article","og_title":"Google-Urteil des EuGH: Datenschutz und Informationsfreiheit","og_description":"EuGH-Urteil v. 13.5.14: Betreiber einer Internetsuchmaschine wie Google ist f\u00fcr die von ihm vorgenommene Datenverarbeitung verantwortlich.","og_url":"https:\/\/www.iitr.de\/blog\/google-urteil-eugh-datenschutz-informationsfreiheit\/8011\/","og_site_name":"Das Datenschutz-Blog","article_published_time":"2014-06-01T23:19:03+00:00","article_modified_time":"2025-09-03T11:08:43+00:00","og_image":[{"url":"https:\/\/www.iitr.de\/blog\/wp-content\/uploads\/2012\/10\/iitr-icon_65x65.gif","type":"","width":"","height":""}],"author":"Sebastian Kraska","twitter_card":"summary_large_image","twitter_creator":"@sebkraska","twitter_site":"@sebkraska","twitter_misc":{"Geschrieben von":"Sebastian Kraska","Gesch\u00e4tzte Lesezeit":"6\u00a0Minuten"},"schema":{"@context":"https:\/\/schema.org","@graph":[{"@type":"Article","@id":"https:\/\/www.iitr.de\/blog\/google-urteil-eugh-datenschutz-informationsfreiheit\/8011\/#article","isPartOf":{"@id":"https:\/\/www.iitr.de\/blog\/google-urteil-eugh-datenschutz-informationsfreiheit\/8011\/"},"author":{"name":"Sebastian Kraska","@id":"https:\/\/www.iitr.de\/blog\/#\/schema\/person\/632d8781fda6b4fe5a5196f8dff9a01e"},"headline":"Google-Urteil des EuGH: Datenschutz und Informationsfreiheit","datePublished":"2014-06-01T23:19:03+00:00","dateModified":"2025-09-03T11:08:43+00:00","mainEntityOfPage":{"@id":"https:\/\/www.iitr.de\/blog\/google-urteil-eugh-datenschutz-informationsfreiheit\/8011\/"},"wordCount":1122,"commentCount":0,"publisher":{"@id":"https:\/\/www.iitr.de\/blog\/#organization"},"image":{"@id":"https:\/\/www.iitr.de\/blog\/google-urteil-eugh-datenschutz-informationsfreiheit\/8011\/#primaryimage"},"thumbnailUrl":"https:\/\/www.iitr.de\/blog\/wp-content\/uploads\/2012\/10\/iitr-icon_65x65.gif","keywords":["13.5.2014","anwendbarkeit","C\u2013131\/12","datenschutz","datenschutzbeauftragter","datensch\u00fctzer","Datenschutzgrundverordnung","datenschutzrecht","eu","eugh","generalanwalt","google","informationelle selbstbestimmung","Informationsfreiheit","Informationszugang","Internetsuchmaschine","Marktortprinzip","rechtsanwalt","Sitzlandprinzip","Spain","Spanien","Sperr-Datenbank","suchmaschine","transparenz","Vergessen","Vergessenwerden"],"articleSection":["Datenschutz umsetzen in der Praxis","Datenschutz-\u00c4nderungen in Deutschland und Europa","Datenschutz-News","Datenschutz-Software: Tipps, Meinungen, Tests","Datenschutz: Rechte und Pflichten","DSGVO-Urteile","Praxis - F\u00fcr Betroffene","Praxis - Verarbeitende Stellen"],"inLanguage":"de","potentialAction":[{"@type":"CommentAction","name":"Comment","target":["https:\/\/www.iitr.de\/blog\/google-urteil-eugh-datenschutz-informationsfreiheit\/8011\/#respond"]}]},{"@type":"WebPage","@id":"https:\/\/www.iitr.de\/blog\/google-urteil-eugh-datenschutz-informationsfreiheit\/8011\/","url":"https:\/\/www.iitr.de\/blog\/google-urteil-eugh-datenschutz-informationsfreiheit\/8011\/","name":"Google-Urteil des EuGH: Datenschutz und Informationsfreiheit","isPartOf":{"@id":"https:\/\/www.iitr.de\/blog\/#website"},"primaryImageOfPage":{"@id":"https:\/\/www.iitr.de\/blog\/google-urteil-eugh-datenschutz-informationsfreiheit\/8011\/#primaryimage"},"image":{"@id":"https:\/\/www.iitr.de\/blog\/google-urteil-eugh-datenschutz-informationsfreiheit\/8011\/#primaryimage"},"thumbnailUrl":"https:\/\/www.iitr.de\/blog\/wp-content\/uploads\/2012\/10\/iitr-icon_65x65.gif","datePublished":"2014-06-01T23:19:03+00:00","dateModified":"2025-09-03T11:08:43+00:00","description":"EuGH-Urteil v. 13.5.14: Betreiber einer Internetsuchmaschine wie Google ist f\u00fcr die von ihm vorgenommene Datenverarbeitung verantwortlich.","breadcrumb":{"@id":"https:\/\/www.iitr.de\/blog\/google-urteil-eugh-datenschutz-informationsfreiheit\/8011\/#breadcrumb"},"inLanguage":"de","potentialAction":[{"@type":"ReadAction","target":["https:\/\/www.iitr.de\/blog\/google-urteil-eugh-datenschutz-informationsfreiheit\/8011\/"]}]},{"@type":"ImageObject","inLanguage":"de","@id":"https:\/\/www.iitr.de\/blog\/google-urteil-eugh-datenschutz-informationsfreiheit\/8011\/#primaryimage","url":"https:\/\/www.iitr.de\/blog\/wp-content\/uploads\/2012\/10\/iitr-icon_65x65.gif","contentUrl":"https:\/\/www.iitr.de\/blog\/wp-content\/uploads\/2012\/10\/iitr-icon_65x65.gif","width":"65","height":"65"},{"@type":"BreadcrumbList","@id":"https:\/\/www.iitr.de\/blog\/google-urteil-eugh-datenschutz-informationsfreiheit\/8011\/#breadcrumb","itemListElement":[{"@type":"ListItem","position":1,"name":"Startseite","item":"https:\/\/www.iitr.de\/blog\/"},{"@type":"ListItem","position":2,"name":"Google-Urteil des EuGH: Datenschutz und Informationsfreiheit"}]},{"@type":"WebSite","@id":"https:\/\/www.iitr.de\/blog\/#website","url":"https:\/\/www.iitr.de\/blog\/","name":"Das Datenschutz-Blog","description":"IITR","publisher":{"@id":"https:\/\/www.iitr.de\/blog\/#organization"},"potentialAction":[{"@type":"SearchAction","target":{"@type":"EntryPoint","urlTemplate":"https:\/\/www.iitr.de\/blog\/?s={search_term_string}"},"query-input":{"@type":"PropertyValueSpecification","valueRequired":true,"valueName":"search_term_string"}}],"inLanguage":"de"},{"@type":"Organization","@id":"https:\/\/www.iitr.de\/blog\/#organization","name":"IITR Datenschutz GmbH","url":"https:\/\/www.iitr.de\/blog\/","logo":{"@type":"ImageObject","inLanguage":"de","@id":"https:\/\/www.iitr.de\/blog\/#\/schema\/logo\/image\/","url":"https:\/\/www.iitr.de\/blog\/wp-content\/uploads\/2020\/09\/externer-datenschutzbeauftragter-iitr-gross.jpg","contentUrl":"https:\/\/www.iitr.de\/blog\/wp-content\/uploads\/2020\/09\/externer-datenschutzbeauftragter-iitr-gross.jpg","width":294,"height":100,"caption":"IITR Datenschutz GmbH"},"image":{"@id":"https:\/\/www.iitr.de\/blog\/#\/schema\/logo\/image\/"},"sameAs":["https:\/\/x.com\/sebkraska","https:\/\/www.youtube.com\/user\/datenschutzvideos\/"]},{"@type":"Person","@id":"https:\/\/www.iitr.de\/blog\/#\/schema\/person\/632d8781fda6b4fe5a5196f8dff9a01e","name":"Sebastian Kraska"}]}},"_links":{"self":[{"href":"https:\/\/www.iitr.de\/blog\/wp-json\/wp\/v2\/posts\/8011","targetHints":{"allow":["GET"]}}],"collection":[{"href":"https:\/\/www.iitr.de\/blog\/wp-json\/wp\/v2\/posts"}],"about":[{"href":"https:\/\/www.iitr.de\/blog\/wp-json\/wp\/v2\/types\/post"}],"author":[{"embeddable":true,"href":"https:\/\/www.iitr.de\/blog\/wp-json\/wp\/v2\/users\/14"}],"replies":[{"embeddable":true,"href":"https:\/\/www.iitr.de\/blog\/wp-json\/wp\/v2\/comments?post=8011"}],"version-history":[{"count":20,"href":"https:\/\/www.iitr.de\/blog\/wp-json\/wp\/v2\/posts\/8011\/revisions"}],"predecessor-version":[{"id":20894,"href":"https:\/\/www.iitr.de\/blog\/wp-json\/wp\/v2\/posts\/8011\/revisions\/20894"}],"wp:attachment":[{"href":"https:\/\/www.iitr.de\/blog\/wp-json\/wp\/v2\/media?parent=8011"}],"wp:term":[{"taxonomy":"category","embeddable":true,"href":"https:\/\/www.iitr.de\/blog\/wp-json\/wp\/v2\/categories?post=8011"},{"taxonomy":"post_tag","embeddable":true,"href":"https:\/\/www.iitr.de\/blog\/wp-json\/wp\/v2\/tags?post=8011"}],"curies":[{"name":"wp","href":"https:\/\/api.w.org\/{rel}","templated":true}]}}