{"id":3958,"date":"2010-10-20T00:05:31","date_gmt":"2010-10-19T22:05:31","guid":{"rendered":"https:\/\/www.iitr.de\/blog\/?p=3958"},"modified":"2025-09-08T09:51:24","modified_gmt":"2025-09-08T07:51:24","slug":"datenschutz-veroeffentlichung-beschaeftigtendaten-internet-unternehmen","status":"publish","type":"post","link":"https:\/\/www.iitr.de\/blog\/datenschutz-veroeffentlichung-beschaeftigtendaten-internet-unternehmen\/3958\/","title":{"rendered":"Datenschutz: Ver\u00f6ffentlichung von Besch\u00e4ftigtendaten im Internet \u2013 Was m\u00fcssen Unternehmen beachten?"},"content":{"rendered":"<p>Fast jedes Unternehmen verf\u00fcgt heutzutage \u00fcber einen eigenen Internetauftritt. Die Webseite ist unverzichtbares Informationsmedium, Werbetr\u00e4ger und Verkaufsplattform, um potentielle Kunden anzusprechen und zu informieren. Dazu k\u00f6nnen auch Informationen \u00fcber die Besch\u00e4ftigten und die Bekanntgabe von Ansprechpartnern geh\u00f6ren. Allerdings sind auch hier die Regeln des Datenschutzes und die Pers\u00f6nlichkeitsrechte der Besch\u00e4ftigten zu beachten.<\/p>\n<p><!--more--><\/p>\n<p><strong>Wie stellt sich die datenschutzrechtliche Lage derzeit dar?<\/strong><\/p>\n<p>Unternehmen und in verst\u00e4rktem Ma\u00dfe auch Beh\u00f6rden sowie andere \u00f6ffentliche Stellen publizieren Daten ihrer Besch\u00e4ftigten (z.B. Namen, Arbeitsgebiet, Kontaktdaten) im Internet. Dabei besteht oftmals Unsicherheit dar\u00fcber, welche Daten ihrer Besch\u00e4ftigten das Unternehmen ver\u00f6ffentlichen kann bzw. welche Ver\u00f6ffentlichung der betroffene Besch\u00e4ftigte dulden muss.<\/p>\n<p>Die Zul\u00e4ssigkeit der Datennutzung richtet sich bei Unternehmen und der Bundesverwaltung grunds\u00e4tzlich nach den Vorschriften des Bundesdatenschutzgesetzes (\u201eBDSG\u201c) und bei der Landesverwaltung nach den jeweiligen Datenschutzbestimmungen der L\u00e4nder. Abgesehen von den Ausnahmef\u00e4llen, in denen gesetzliche z.B. gesellschaftsrechtliche Publikationspflichten bestehen, ist die Ver\u00f6ffentlichung personenbezogener Daten der Besch\u00e4ftigten nur in engen Grenzen zul\u00e4ssig.<\/p>\n<p>Dar\u00fcberhinausgehende Informationen sind zustimmungsbed\u00fcrftig und bed\u00fcrfen der Einwilligung des betroffenen Besch\u00e4ftigten. Dies gilt vor allem deshalb, weil die Informationen mit der Ver\u00f6ffentlichung im Internet weltweit abrufbar sind. Es l\u00e4sst sich daher auch nicht ohne weiteres von der Befugnis zur Publikation personenbezogener Daten in einem Printmedium mit einen u.U. beschr\u00e4nkten Empf\u00e4nger- und Leserkreis auf die Befugnis zur weitreichenden Internetver\u00f6ffentlichung schlie\u00dfen.<\/p>\n<p><strong>Erf\u00fcllung einer Pflicht aus dem Arbeitsvertrag<\/strong><\/p>\n<p>Aus den vorgenannten Gr\u00fcnden ist deshalb fraglich, wann die Ver\u00f6ffentlichung von personenbezogenen Daten der Besch\u00e4ftigten eines Unternehmens oder einer \u00f6ffentlichen Einrichtung im Internet aus Gr\u00fcnden der Erf\u00fcllung arbeitsvertraglicher Pflichten zul\u00e4ssig sein kann. Die Ver\u00f6ffentlichung personenbezogener Daten ist zum Beispiel dann zul\u00e4ssig, wenn die Ver\u00f6ffentlichung in Zusammenhang mit der ausge\u00fcbten T\u00e4tigkeit und somit in Erf\u00fcllung der Arbeitspflicht erfolgt.<\/p>\n<p>So m\u00fcssen Besch\u00e4ftigte, die nach au\u00dfen f\u00fcr das Unternehmen auftreten (Besch\u00e4ftigte im Au\u00dfendienst, Kundendienst, Beratung, Beschwerdemanagement etc.) die Ver\u00f6ffentlichung ihrer Kontaktdaten auch im Internet hinnehmen. Daneben k\u00f6nnen auch Aspekte der Repr\u00e4sentation des Unternehmens durch die Besch\u00e4ftigten eine Rolle spielen. Angenommen werden kann dies zum Beispiel bei einem hohen Bekanntheitsgrad des Besch\u00e4ftigten oder bei besonders nachgewiesener Fachkompetenz im jeweiligen Arbeitsfeld (Forschungsergebnisse- oder -preise). Im Bereich der \u00f6ffentlichen Verwaltung kommt es ebenfalls darauf an, ob die jeweiligen Beh\u00f6rdenmitarbeiter als Amtswalter nach au\u00dfen t\u00e4tig werden und Ansprechpartner f\u00fcr B\u00fcrger und Unternehmen sind. Dagegen ist die Ver\u00f6ffentlichung ganzer Telefonverzeichnissen von Beh\u00f6rdenmitarbeitern nicht zul\u00e4ssig.<\/p>\n<p><strong>Einwilligung des Betroffenen<\/strong><\/p>\n<p>Sofern eine Erlaubnisnorm zur Ver\u00f6ffentlichung der Daten des Arbeitnehmers im Internet nicht zur Verf\u00fcgung steht, ist diese nur zul\u00e4ssig, wenn der Betroffene sein Einverst\u00e4ndnis zur Verarbeitung seiner Daten erteilt (Einwilligung). Voraussetzung daf\u00fcr ist, dass dem Betroffenen hinreichende Informationen \u00fcber die Art der vorgesehenen Datenverarbeitung und ihren Zweck zug\u00e4nglich gemacht werden (Grundsatz der \u201einformierten Einwilligung\u201c).<\/p>\n<p>Eine Erkl\u00e4rung dergestalt, dass in jede Form der Datenverarbeitung eingewilligt wird, reicht nicht aus. Gerade im Arbeitsverh\u00e4ltnis ist die Einwilligung eine problematische Grundlage, da fraglich sein kann, ob die Einwilligung des Besch\u00e4ftigten g\u00e4nzlich ohne \u201eZwang\u201c erfolgen und der Besch\u00e4ftigte die Zustimmung damit sanktionslos verweigern kann, denn gem\u00e4\u00df \u00a7 4a Abs. 1 BDSG muss die Einwilligung auf \u201eder freien Entscheidung des Betroffenen\u201c beruhen.<\/p>\n<p><strong>Ver\u00f6ffentlichung von Bildern der Besch\u00e4ftigten<\/strong><\/p>\n<p>Nicht von der oben erl\u00e4uterten beschr\u00e4nkten Befugnis zur Ver\u00f6ffentlichung umfasst sind Fotographien des Besch\u00e4ftigten auf der unternehmenseigenen Webpr\u00e4senz. M\u00f6chte der Arbeitgeber Fotos seiner Besch\u00e4ftigten im Internet ver\u00f6ffentlichen ist n\u00e4mlich \u00fcberdies <a href=\"http:\/\/www.gesetze-im-internet.de\/kunsturhg\/__22.html\" target=\"_blank\" rel=\"noopener noreferrer\">\u00a7 22 Kunsturhebergesetz<\/a> (&#8222;KUG&#8220;) zu beachten. Danach d\u00fcrfen Bildnisse \u201enur mit Einwilligung des Abgebildeten verbreitet oder \u00f6ffentlich zur Schau gestellt werden\u201c. Von einer Zurschaustellung ist bei der unk\u00f6rperlichen Darstellung des Bildes im Internet auszugehen. Daneben kann es sich bei Fotographien auch um so genannte besondere Arten personenbezogener Daten im Sinne des \u00a7 3 Abs. 9 BDSG handeln, welche nach den Vorgaben des BDSG teilweise noch st\u00e4rker gesch\u00fctzt werden.<\/p>\n<p>\u00d6ffentlich dargestellt ist das Bildnis dann, wenn es jedermann und nicht nur der geschlossenen Benutzergruppe eines firmeneigenen Intranets zug\u00e4nglich ist. Zur Ver\u00f6ffentlichung des Bildes ist in jedem Fall die Einwilligung des betreffenden Besch\u00e4ftigten notwendig. Dabei ist zu beachten, dass durch die Einstellung des Bildes im Regelfall ein personenbezogenes Datum verarbeitet wird, die Einwilligung deshalb auch an den Anforderungen des \u00a7 4a BDSG zu messen ist. Die Einwilligung in die Ver\u00f6ffentlichung gilt auch nach der Aufl\u00f6sung des Arbeitsverh\u00e4ltnisses und muss vom Arbeitnehmer ggfs. gesondert widerrufen werden (LAG K\u00f6ln, <a href=\"http:\/\/www.justiz.nrw.de\/nrwe\/arbgs\/koeln\/lag_koeln\/j2009\/7_Ta_126_09beschluss20090710.html\" target=\"_blank\" rel=\"noopener noreferrer\">Beschluss vom 10.7.2009<\/a>, Az. 7 Ta 126\/09).<\/p>\n<p><strong>Widerruflichkeit der Einwilligung<\/strong><\/p>\n<p>Grunds\u00e4tzlich kann die Einwilligung zur Ver\u00f6ffentlichung jederzeit widerrufen werden. Ausnahmen davon ergeben sich nur dann, wenn die Ver\u00f6ffentlichung des Bildes Bestandteil des Arbeitsvertrags ist. Hier hat der Besch\u00e4ftigte der Publikation als Bestandteil der arbeitsvertraglichen Pflicht zugestimmt. Ggfs. kann auch die Natur des Arbeitsverh\u00e4ltnisses einer freien Widerruflichkeit entgegenstehen. Anzunehmen ist dies zum Beispiel in Arbeitsverh\u00e4ltnissen, bei denen die Arbeitnehmer in der \u00d6ffentlichkeit stehen (Schauspieler, Model, T\u00e4tigkeit beim Fernsehen etc.).<\/p>\n<p><strong>Auch Urheberrechte sind zu beachten<\/strong><\/p>\n<p>Im Zusammenhang mit der Ver\u00f6ffentlichung von Bildnissen wird oft vergessen, dass neben der Zustimmung des Abgebildeten jeweils auch die Zustimmung des Fotografen eingeholt werden muss. Letzterem stehen als Urheber der Fotographie die urheberrechtlichen Nutzungs- und Verwertungsrechte des <a href=\"http:\/\/www.gesetze-im-internet.de\/urhg\/__72.html\" target=\"_blank\" rel=\"noopener noreferrer\">\u00a7 72 Abs. 1 Urhebergesetz<\/a> (&#8222;UrhG&#8220;) zu. Die Verbreitung des Bildes im Internet stellt eine zustimmungsbed\u00fcrftige Verbreitungs- und Vervielf\u00e4ltigungshandlung dar, welche \u2013 sofern eine Zustimmung ggf. auch nicht konkludent erteilt wurde \u2013 einen Unterlassungs- und Schadensersatzanspruch des Urhebers ausl\u00f6st.<\/p>\n<p><strong>Fazit<\/strong><\/p>\n<p><strong>Bei der Ver\u00f6ffentlichung von personenbezogenen Daten der Besch\u00e4ftigten im Internet ist Vorsicht geboten. Besch\u00e4ftigte, die nach au\u00dfen f\u00fcr das Unternehmen auftreten (Besch\u00e4ftigte im Au\u00dfendienst, Kundendienst, Beratung, Beschwerdemanagement etc.), m\u00fcssen die Ver\u00f6ffentlichung ihrer Kontaktdaten im Internet grunds\u00e4tzlich hinnehmen. Unternehmern sei geraten, in Zweifelsf\u00e4llen die Einwilligung der Besch\u00e4ftigen einzuholen. Insbesondere gilt dies, wenn auch die Ver\u00f6ffentlichung von Fotographien der Besch\u00e4ftigten gew\u00fcnscht ist.<\/strong><\/p>\n<p>&nbsp;<\/p>\n<p><strong>\u00a0<\/strong><\/p>\n<blockquote><p><strong>Autoren:<\/strong><br \/>\nRechtsanwalt <a href=\"https:\/\/www.iitr.de\/unternehmen\/ueber-uns\" target=\"_blank\" rel=\"noopener noreferrer\">Dr. Sebastian Kraska<\/a>, <a href=\"https:\/\/www.iitr.de\/produkte-services\/externer-datenschutzbeauftragter\" target=\"_blank\" rel=\"noopener noreferrer\">externer Datenschutzbeauftragter<\/a><br \/>\nAss. iur. <a href=\"https:\/\/www.iitr.de\/unternehmen\/ueber-uns\" target=\"_blank\" rel=\"noopener noreferrer\">Benjamin Schuetze, LL.M. (Wellington)<\/a><\/p>\n<p>Telefon: 089-1891 7360<br \/>\nE-Mail: <a href=\"mailto:email@iitr.de\">email@iitr.de<\/a><\/p><\/blockquote>\n<p><strong>\u00a0<\/strong><\/p>\n<p><strong>Information bei neuen Entwicklungen im Datenschutz<\/strong><\/p>\n<p>Tragen Sie sich einfach in unseren <a href=\"https:\/\/www.iitr.de\/newsletter-anmelden\" target=\"_self\" rel=\"noopener noreferrer\">Newsletter<\/a> ein und wir informieren Sie \u00fcber neue Datenschutz-Artikel und aktuelle Entwicklungen im Datenschutzrecht.<\/p>\n<p><strong>\u00a0<\/strong><\/p>\n","protected":false},"excerpt":{"rendered":"<p>Fast jedes Unternehmen verf\u00fcgt heutzutage \u00fcber einen eigenen Internetauftritt. Die Webseite ist unverzichtbares Informationsmedium, Werbetr\u00e4ger und Verkaufsplattform, um potentielle Kunden anzusprechen und zu informieren. Dazu k\u00f6nnen auch Informationen \u00fcber die Besch\u00e4ftigten und die Bekanntgabe von Ansprechpartnern geh\u00f6ren. Allerdings sind auch hier die Regeln des Datenschutzes und die Pers\u00f6nlichkeitsrechte der Besch\u00e4ftigten zu beachten.<\/p>\n","protected":false},"author":14,"featured_media":0,"comment_status":"open","ping_status":"open","sticky":false,"template":"","format":"standard","meta":{"_acf_changed":false,"footnotes":""},"categories":[5,3,4,6,10,11],"tags":[919,152,141,920,465,573,921,16,226,97,23,232,647,922,60,59,536,231,917,788,918,112,265],"class_list":["post-3958","post","type-post","status-publish","format-standard","hentry","category-praxis","category-news","category-recht","category-urteile","category-fur-betroffene","category-fur-verarbeitende-stellen","tag-ansprechpartner","tag-arbeitgeber","tag-arbeitnehmer","tag-arbeitsvertrag","tag-beschaftigte","tag-beschaftigtendaten","tag-bilder","tag-datenschutz","tag-datenschutzbeauftragter","tag-datenschutzer","tag-einwilligung","tag-externer-datenschutzbeauftragter","tag-foto","tag-fotograf","tag-grundrecht","tag-informationelle-selbstbestimmung","tag-internet","tag-unternehmen","tag-unternehmer","tag-urheberrecht","tag-veroffentlichung","tag-webseite","tag-widerruf"],"acf":[],"yoast_head":"<!-- This site is optimized with the Yoast SEO plugin v27.5 - https:\/\/yoast.com\/product\/yoast-seo-wordpress\/ -->\n<title>Datenschutz: Ver\u00f6ffentlichung von Besch\u00e4ftigtendaten im Netz<\/title>\n<meta name=\"description\" content=\"Einige Unternehmen ver\u00f6ffentlichen auf ihren Webseiten Informationen \u00fcber Besch\u00e4ftigte. Dabei sind die Regeln des Datenschutzes zu beachten.\" \/>\n<meta name=\"robots\" content=\"index, follow, max-snippet:-1, max-image-preview:large, max-video-preview:-1\" \/>\n<link rel=\"canonical\" href=\"https:\/\/www.iitr.de\/blog\/datenschutz-veroeffentlichung-beschaeftigtendaten-internet-unternehmen\/3958\/\" \/>\n<meta property=\"og:locale\" content=\"de_DE\" \/>\n<meta property=\"og:type\" content=\"article\" \/>\n<meta property=\"og:title\" content=\"Datenschutz: Ver\u00f6ffentlichung von Besch\u00e4ftigtendaten im Netz\" \/>\n<meta property=\"og:description\" content=\"Einige Unternehmen ver\u00f6ffentlichen auf ihren Webseiten Informationen \u00fcber Besch\u00e4ftigte. Dabei sind die Regeln des Datenschutzes zu beachten.\" \/>\n<meta property=\"og:url\" content=\"https:\/\/www.iitr.de\/blog\/datenschutz-veroeffentlichung-beschaeftigtendaten-internet-unternehmen\/3958\/\" \/>\n<meta property=\"og:site_name\" content=\"Das Datenschutz-Blog\" \/>\n<meta property=\"article:published_time\" content=\"2010-10-19T22:05:31+00:00\" \/>\n<meta property=\"article:modified_time\" content=\"2025-09-08T07:51:24+00:00\" \/>\n<meta name=\"author\" content=\"Sebastian Kraska\" \/>\n<meta name=\"twitter:card\" content=\"summary_large_image\" \/>\n<meta name=\"twitter:creator\" content=\"@sebkraska\" \/>\n<meta name=\"twitter:site\" content=\"@sebkraska\" \/>\n<meta name=\"twitter:label1\" content=\"Geschrieben von\" \/>\n\t<meta name=\"twitter:data1\" content=\"Sebastian Kraska\" \/>\n\t<meta name=\"twitter:label2\" content=\"Gesch\u00e4tzte Lesezeit\" \/>\n\t<meta name=\"twitter:data2\" content=\"6\u00a0Minuten\" \/>\n<script type=\"application\/ld+json\" class=\"yoast-schema-graph\">{\"@context\":\"https:\\\/\\\/schema.org\",\"@graph\":[{\"@type\":\"Article\",\"@id\":\"https:\\\/\\\/www.iitr.de\\\/blog\\\/datenschutz-veroeffentlichung-beschaeftigtendaten-internet-unternehmen\\\/3958\\\/#article\",\"isPartOf\":{\"@id\":\"https:\\\/\\\/www.iitr.de\\\/blog\\\/datenschutz-veroeffentlichung-beschaeftigtendaten-internet-unternehmen\\\/3958\\\/\"},\"author\":{\"name\":\"Sebastian Kraska\",\"@id\":\"https:\\\/\\\/www.iitr.de\\\/blog\\\/#\\\/schema\\\/person\\\/632d8781fda6b4fe5a5196f8dff9a01e\"},\"headline\":\"Datenschutz: Ver\u00f6ffentlichung von Besch\u00e4ftigtendaten im Internet \u2013 Was m\u00fcssen Unternehmen beachten?\",\"datePublished\":\"2010-10-19T22:05:31+00:00\",\"dateModified\":\"2025-09-08T07:51:24+00:00\",\"mainEntityOfPage\":{\"@id\":\"https:\\\/\\\/www.iitr.de\\\/blog\\\/datenschutz-veroeffentlichung-beschaeftigtendaten-internet-unternehmen\\\/3958\\\/\"},\"wordCount\":1074,\"commentCount\":0,\"publisher\":{\"@id\":\"https:\\\/\\\/www.iitr.de\\\/blog\\\/#organization\"},\"keywords\":[\"ansprechpartner\",\"arbeitgeber\",\"arbeitnehmer\",\"arbeitsvertrag\",\"besch\u00e4ftigte\",\"besch\u00e4ftigtendaten\",\"bilder\",\"datenschutz\",\"datenschutzbeauftragter\",\"datensch\u00fctzer\",\"einwilligung\",\"externer datenschutzbeauftragter\",\"foto\",\"fotograf\",\"grundrecht\",\"informationelle selbstbestimmung\",\"internet\",\"unternehmen\",\"unternehmer\",\"Urheberrecht\",\"ver\u00f6ffentlichung\",\"webseite\",\"widerruf\"],\"articleSection\":[\"Datenschutz umsetzen in der Praxis\",\"Datenschutz-News\",\"Datenschutz: Rechte und Pflichten\",\"DSGVO-Urteile\",\"Praxis - F\u00fcr Betroffene\",\"Praxis - Verarbeitende Stellen\"],\"inLanguage\":\"de\",\"potentialAction\":[{\"@type\":\"CommentAction\",\"name\":\"Comment\",\"target\":[\"https:\\\/\\\/www.iitr.de\\\/blog\\\/datenschutz-veroeffentlichung-beschaeftigtendaten-internet-unternehmen\\\/3958\\\/#respond\"]}]},{\"@type\":\"WebPage\",\"@id\":\"https:\\\/\\\/www.iitr.de\\\/blog\\\/datenschutz-veroeffentlichung-beschaeftigtendaten-internet-unternehmen\\\/3958\\\/\",\"url\":\"https:\\\/\\\/www.iitr.de\\\/blog\\\/datenschutz-veroeffentlichung-beschaeftigtendaten-internet-unternehmen\\\/3958\\\/\",\"name\":\"Datenschutz: Ver\u00f6ffentlichung von Besch\u00e4ftigtendaten im Netz\",\"isPartOf\":{\"@id\":\"https:\\\/\\\/www.iitr.de\\\/blog\\\/#website\"},\"datePublished\":\"2010-10-19T22:05:31+00:00\",\"dateModified\":\"2025-09-08T07:51:24+00:00\",\"description\":\"Einige Unternehmen ver\u00f6ffentlichen auf ihren Webseiten Informationen \u00fcber Besch\u00e4ftigte. Dabei sind die Regeln des Datenschutzes zu beachten.\",\"breadcrumb\":{\"@id\":\"https:\\\/\\\/www.iitr.de\\\/blog\\\/datenschutz-veroeffentlichung-beschaeftigtendaten-internet-unternehmen\\\/3958\\\/#breadcrumb\"},\"inLanguage\":\"de\",\"potentialAction\":[{\"@type\":\"ReadAction\",\"target\":[\"https:\\\/\\\/www.iitr.de\\\/blog\\\/datenschutz-veroeffentlichung-beschaeftigtendaten-internet-unternehmen\\\/3958\\\/\"]}]},{\"@type\":\"BreadcrumbList\",\"@id\":\"https:\\\/\\\/www.iitr.de\\\/blog\\\/datenschutz-veroeffentlichung-beschaeftigtendaten-internet-unternehmen\\\/3958\\\/#breadcrumb\",\"itemListElement\":[{\"@type\":\"ListItem\",\"position\":1,\"name\":\"Startseite\",\"item\":\"https:\\\/\\\/www.iitr.de\\\/blog\\\/\"},{\"@type\":\"ListItem\",\"position\":2,\"name\":\"Datenschutz: Ver\u00f6ffentlichung von Besch\u00e4ftigtendaten im Internet \u2013 Was m\u00fcssen Unternehmen beachten?\"}]},{\"@type\":\"WebSite\",\"@id\":\"https:\\\/\\\/www.iitr.de\\\/blog\\\/#website\",\"url\":\"https:\\\/\\\/www.iitr.de\\\/blog\\\/\",\"name\":\"Das Datenschutz-Blog\",\"description\":\"IITR\",\"publisher\":{\"@id\":\"https:\\\/\\\/www.iitr.de\\\/blog\\\/#organization\"},\"potentialAction\":[{\"@type\":\"SearchAction\",\"target\":{\"@type\":\"EntryPoint\",\"urlTemplate\":\"https:\\\/\\\/www.iitr.de\\\/blog\\\/?s={search_term_string}\"},\"query-input\":{\"@type\":\"PropertyValueSpecification\",\"valueRequired\":true,\"valueName\":\"search_term_string\"}}],\"inLanguage\":\"de\"},{\"@type\":\"Organization\",\"@id\":\"https:\\\/\\\/www.iitr.de\\\/blog\\\/#organization\",\"name\":\"IITR Datenschutz GmbH\",\"url\":\"https:\\\/\\\/www.iitr.de\\\/blog\\\/\",\"logo\":{\"@type\":\"ImageObject\",\"inLanguage\":\"de\",\"@id\":\"https:\\\/\\\/www.iitr.de\\\/blog\\\/#\\\/schema\\\/logo\\\/image\\\/\",\"url\":\"https:\\\/\\\/www.iitr.de\\\/blog\\\/wp-content\\\/uploads\\\/2020\\\/09\\\/externer-datenschutzbeauftragter-iitr-gross.jpg\",\"contentUrl\":\"https:\\\/\\\/www.iitr.de\\\/blog\\\/wp-content\\\/uploads\\\/2020\\\/09\\\/externer-datenschutzbeauftragter-iitr-gross.jpg\",\"width\":294,\"height\":100,\"caption\":\"IITR Datenschutz GmbH\"},\"image\":{\"@id\":\"https:\\\/\\\/www.iitr.de\\\/blog\\\/#\\\/schema\\\/logo\\\/image\\\/\"},\"sameAs\":[\"https:\\\/\\\/x.com\\\/sebkraska\",\"https:\\\/\\\/www.youtube.com\\\/user\\\/datenschutzvideos\\\/\"]},{\"@type\":\"Person\",\"@id\":\"https:\\\/\\\/www.iitr.de\\\/blog\\\/#\\\/schema\\\/person\\\/632d8781fda6b4fe5a5196f8dff9a01e\",\"name\":\"Sebastian Kraska\"}]}<\/script>\n<!-- \/ Yoast SEO plugin. -->","yoast_head_json":{"title":"Datenschutz: Ver\u00f6ffentlichung von Besch\u00e4ftigtendaten im Netz","description":"Einige Unternehmen ver\u00f6ffentlichen auf ihren Webseiten Informationen \u00fcber Besch\u00e4ftigte. Dabei sind die Regeln des Datenschutzes zu beachten.","robots":{"index":"index","follow":"follow","max-snippet":"max-snippet:-1","max-image-preview":"max-image-preview:large","max-video-preview":"max-video-preview:-1"},"canonical":"https:\/\/www.iitr.de\/blog\/datenschutz-veroeffentlichung-beschaeftigtendaten-internet-unternehmen\/3958\/","og_locale":"de_DE","og_type":"article","og_title":"Datenschutz: Ver\u00f6ffentlichung von Besch\u00e4ftigtendaten im Netz","og_description":"Einige Unternehmen ver\u00f6ffentlichen auf ihren Webseiten Informationen \u00fcber Besch\u00e4ftigte. Dabei sind die Regeln des Datenschutzes zu beachten.","og_url":"https:\/\/www.iitr.de\/blog\/datenschutz-veroeffentlichung-beschaeftigtendaten-internet-unternehmen\/3958\/","og_site_name":"Das Datenschutz-Blog","article_published_time":"2010-10-19T22:05:31+00:00","article_modified_time":"2025-09-08T07:51:24+00:00","author":"Sebastian Kraska","twitter_card":"summary_large_image","twitter_creator":"@sebkraska","twitter_site":"@sebkraska","twitter_misc":{"Geschrieben von":"Sebastian Kraska","Gesch\u00e4tzte Lesezeit":"6\u00a0Minuten"},"schema":{"@context":"https:\/\/schema.org","@graph":[{"@type":"Article","@id":"https:\/\/www.iitr.de\/blog\/datenschutz-veroeffentlichung-beschaeftigtendaten-internet-unternehmen\/3958\/#article","isPartOf":{"@id":"https:\/\/www.iitr.de\/blog\/datenschutz-veroeffentlichung-beschaeftigtendaten-internet-unternehmen\/3958\/"},"author":{"name":"Sebastian Kraska","@id":"https:\/\/www.iitr.de\/blog\/#\/schema\/person\/632d8781fda6b4fe5a5196f8dff9a01e"},"headline":"Datenschutz: Ver\u00f6ffentlichung von Besch\u00e4ftigtendaten im Internet \u2013 Was m\u00fcssen Unternehmen beachten?","datePublished":"2010-10-19T22:05:31+00:00","dateModified":"2025-09-08T07:51:24+00:00","mainEntityOfPage":{"@id":"https:\/\/www.iitr.de\/blog\/datenschutz-veroeffentlichung-beschaeftigtendaten-internet-unternehmen\/3958\/"},"wordCount":1074,"commentCount":0,"publisher":{"@id":"https:\/\/www.iitr.de\/blog\/#organization"},"keywords":["ansprechpartner","arbeitgeber","arbeitnehmer","arbeitsvertrag","besch\u00e4ftigte","besch\u00e4ftigtendaten","bilder","datenschutz","datenschutzbeauftragter","datensch\u00fctzer","einwilligung","externer datenschutzbeauftragter","foto","fotograf","grundrecht","informationelle selbstbestimmung","internet","unternehmen","unternehmer","Urheberrecht","ver\u00f6ffentlichung","webseite","widerruf"],"articleSection":["Datenschutz umsetzen in der Praxis","Datenschutz-News","Datenschutz: Rechte und Pflichten","DSGVO-Urteile","Praxis - F\u00fcr Betroffene","Praxis - Verarbeitende Stellen"],"inLanguage":"de","potentialAction":[{"@type":"CommentAction","name":"Comment","target":["https:\/\/www.iitr.de\/blog\/datenschutz-veroeffentlichung-beschaeftigtendaten-internet-unternehmen\/3958\/#respond"]}]},{"@type":"WebPage","@id":"https:\/\/www.iitr.de\/blog\/datenschutz-veroeffentlichung-beschaeftigtendaten-internet-unternehmen\/3958\/","url":"https:\/\/www.iitr.de\/blog\/datenschutz-veroeffentlichung-beschaeftigtendaten-internet-unternehmen\/3958\/","name":"Datenschutz: Ver\u00f6ffentlichung von Besch\u00e4ftigtendaten im Netz","isPartOf":{"@id":"https:\/\/www.iitr.de\/blog\/#website"},"datePublished":"2010-10-19T22:05:31+00:00","dateModified":"2025-09-08T07:51:24+00:00","description":"Einige Unternehmen ver\u00f6ffentlichen auf ihren Webseiten Informationen \u00fcber Besch\u00e4ftigte. Dabei sind die Regeln des Datenschutzes zu beachten.","breadcrumb":{"@id":"https:\/\/www.iitr.de\/blog\/datenschutz-veroeffentlichung-beschaeftigtendaten-internet-unternehmen\/3958\/#breadcrumb"},"inLanguage":"de","potentialAction":[{"@type":"ReadAction","target":["https:\/\/www.iitr.de\/blog\/datenschutz-veroeffentlichung-beschaeftigtendaten-internet-unternehmen\/3958\/"]}]},{"@type":"BreadcrumbList","@id":"https:\/\/www.iitr.de\/blog\/datenschutz-veroeffentlichung-beschaeftigtendaten-internet-unternehmen\/3958\/#breadcrumb","itemListElement":[{"@type":"ListItem","position":1,"name":"Startseite","item":"https:\/\/www.iitr.de\/blog\/"},{"@type":"ListItem","position":2,"name":"Datenschutz: Ver\u00f6ffentlichung von Besch\u00e4ftigtendaten im Internet \u2013 Was m\u00fcssen Unternehmen beachten?"}]},{"@type":"WebSite","@id":"https:\/\/www.iitr.de\/blog\/#website","url":"https:\/\/www.iitr.de\/blog\/","name":"Das Datenschutz-Blog","description":"IITR","publisher":{"@id":"https:\/\/www.iitr.de\/blog\/#organization"},"potentialAction":[{"@type":"SearchAction","target":{"@type":"EntryPoint","urlTemplate":"https:\/\/www.iitr.de\/blog\/?s={search_term_string}"},"query-input":{"@type":"PropertyValueSpecification","valueRequired":true,"valueName":"search_term_string"}}],"inLanguage":"de"},{"@type":"Organization","@id":"https:\/\/www.iitr.de\/blog\/#organization","name":"IITR Datenschutz GmbH","url":"https:\/\/www.iitr.de\/blog\/","logo":{"@type":"ImageObject","inLanguage":"de","@id":"https:\/\/www.iitr.de\/blog\/#\/schema\/logo\/image\/","url":"https:\/\/www.iitr.de\/blog\/wp-content\/uploads\/2020\/09\/externer-datenschutzbeauftragter-iitr-gross.jpg","contentUrl":"https:\/\/www.iitr.de\/blog\/wp-content\/uploads\/2020\/09\/externer-datenschutzbeauftragter-iitr-gross.jpg","width":294,"height":100,"caption":"IITR Datenschutz GmbH"},"image":{"@id":"https:\/\/www.iitr.de\/blog\/#\/schema\/logo\/image\/"},"sameAs":["https:\/\/x.com\/sebkraska","https:\/\/www.youtube.com\/user\/datenschutzvideos\/"]},{"@type":"Person","@id":"https:\/\/www.iitr.de\/blog\/#\/schema\/person\/632d8781fda6b4fe5a5196f8dff9a01e","name":"Sebastian Kraska"}]}},"_links":{"self":[{"href":"https:\/\/www.iitr.de\/blog\/wp-json\/wp\/v2\/posts\/3958","targetHints":{"allow":["GET"]}}],"collection":[{"href":"https:\/\/www.iitr.de\/blog\/wp-json\/wp\/v2\/posts"}],"about":[{"href":"https:\/\/www.iitr.de\/blog\/wp-json\/wp\/v2\/types\/post"}],"author":[{"embeddable":true,"href":"https:\/\/www.iitr.de\/blog\/wp-json\/wp\/v2\/users\/14"}],"replies":[{"embeddable":true,"href":"https:\/\/www.iitr.de\/blog\/wp-json\/wp\/v2\/comments?post=3958"}],"version-history":[{"count":14,"href":"https:\/\/www.iitr.de\/blog\/wp-json\/wp\/v2\/posts\/3958\/revisions"}],"predecessor-version":[{"id":20676,"href":"https:\/\/www.iitr.de\/blog\/wp-json\/wp\/v2\/posts\/3958\/revisions\/20676"}],"wp:attachment":[{"href":"https:\/\/www.iitr.de\/blog\/wp-json\/wp\/v2\/media?parent=3958"}],"wp:term":[{"taxonomy":"category","embeddable":true,"href":"https:\/\/www.iitr.de\/blog\/wp-json\/wp\/v2\/categories?post=3958"},{"taxonomy":"post_tag","embeddable":true,"href":"https:\/\/www.iitr.de\/blog\/wp-json\/wp\/v2\/tags?post=3958"}],"curies":[{"name":"wp","href":"https:\/\/api.w.org\/{rel}","templated":true}]}}