{"id":3792,"date":"2010-09-08T00:05:53","date_gmt":"2010-09-07T22:05:53","guid":{"rendered":"https:\/\/www.iitr.de\/blog\/?p=3792"},"modified":"2025-06-17T13:59:48","modified_gmt":"2025-06-17T11:59:48","slug":"entwicklung-beschaeftigten-datenschutz-generalklausel-28-bdsg-berechtigte-interessen-schutzwuerdigkeit","status":"publish","type":"post","link":"https:\/\/www.iitr.de\/blog\/entwicklung-beschaeftigten-datenschutz-generalklausel-28-bdsg-berechtigte-interessen-schutzwuerdigkeit\/3792\/","title":{"rendered":"Entwicklung des Besch\u00e4ftigten-Datenschutzes: die Generalklausel des \u00a7 28 BDSG, berechtigte Interessen und Schutzw\u00fcrdigkeit"},"content":{"rendered":"<p>Wurden Datenschutzfragen im Rahmen von Besch\u00e4ftigungsverh\u00e4ltnissen fr\u00fcher lediglich der Verh\u00e4ltnism\u00e4\u00dfigkeitspr\u00fcfung des \u00a7 28 Bundesdatenschutzgesetz (BDSG) alte Fassung (a.F.) unterzogen, ist mit der Novellierung des BDSG am 1. September 2009 und mit der Schaffung des \u00a7 32 BDSG eine erste bereichsspezifische Regelung des Besch\u00e4ftigtendatenschutz geschaffen worden. Zur weiteren Verbesserung des Arbeitnehmerdatenschutzes plant die Bundesregierung derzeit den Erlass eines speziellen Gesetzes zur Regelung des Besch\u00e4ftigtendatenschutzes.<\/p>\n<p><!--more--><\/p>\n<p>Bis dato existieren nur wenige gesetzliche Regelungen, die speziell den Schutz personenbezogener Daten von Besch\u00e4ftigten zum Inhalt haben. Der rechtliche Rahmen ergibt sich zum Teil aus BDSG und einigen bereichsspezifischen Gesetzen wie zum Beispiel dem Betriebsverfassungsgesetz, Telekommunikationsgesetz oder Telemediengesetz.<\/p>\n<p><strong>\u00a7 28 Abs. 1 S. 1 Nr. 1 BDSG a.F. \u2013 Zweckbestimmung eines Vertragsverh\u00e4ltnisses<\/strong><\/p>\n<p>Im Rahmen seiner ausschlie\u00dflich dienstlichen T\u00e4tigkeit war die \u00dcberwachung des Besch\u00e4ftigten, etwa die Protokollierung seines E-Mail-, Internet- oder Telefonverkehrs regelm\u00e4\u00dfig bis zur Grenze ein pers\u00f6nlichkeitsrechtsgef\u00e4hrdenden \u201eTotal\u00fcberwachung\u201c zul\u00e4ssig. Gem\u00e4\u00df \u00a7 28 Abs. 1 S. 1 Nr. 1 BDSG a.F. war das Erheben, Speichern, Ver\u00e4ndern oder \u00dcbermitteln personenbezogener Daten oder ihre Nutzung als Mittel zur Erf\u00fcllung eigener Gesch\u00e4ftszwecke zul\u00e4ssig, wenn es der Zweckbestimmung eines Vertragsverh\u00e4ltnisses [\u2026] mit dem Betroffenen dient. Damit waren Arbeitsverh\u00e4ltnisse nicht explizit genannt sondern von dem generellen Terminus \u201eVertragsverh\u00e4ltnis\u201c (mit-)umfasst. F\u00fcr personenbezogene Daten des Besch\u00e4ftigten bestimmte der jeweilige Zweck des Arbeitsverh\u00e4ltnisses die Grenzen der Datenverarbeitung. Um Anreize einer Datensammlung \u201eauf Vorrat\u201c zu vermeiden hing der Umfang der jeweiligen Datenerhebung von einem konkretisierten Erhebungszweck ab.<\/p>\n<p><strong>\u00a7 28 Abs. 1 Nr. 2 BDSG a.F. berechtigtes \u2013 schutzw\u00fcrdiges Interesse <\/strong><\/p>\n<p>Zur Rechtfertigung der Verarbeitung von Besch\u00e4ftigtendaten konnte auf die in der Zul\u00e4ssigkeitsalternative \u00a7 28 Abs. 1 S. 1 Nr. 2 BDSG a.F. enthaltene \u201eInteressenabw\u00e4gung\u201c zur\u00fcckgegriffen werden. Danach war die Datenverarbeitung auch insoweit zul\u00e4ssig als \u201ees zur Wahrung berechtigter Interessen der verantwortlichen Stelle erforderlich ist und kein Grund zu der Annahme besteht, dass das schutzw\u00fcrdige Interesse des Betroffenen an dem Ausschluss der Verarbeitung oder Nutzung \u00fcberwiegt.\u201c<\/p>\n<p>\u00dcberwiegend wurde darunter ein vern\u00fcnftiges, durch die Sachlage gerechtfertigtes tats\u00e4chliches Interesse, das sowohl wirtschaftlich als auch ideell begr\u00fcndet sein kann, verstanden. Erforderlich war die Datenverarbeitung nicht nur dann, wenn die Datenverarbeitung \u201eschlechterdings unverzichtbar w\u00e4re\u201c, das hei\u00dft, es keine Alternative zur angestrebten Datenverarbeitung gab, sondern bereits dann, wenn die Wahl einer anderen Informationsm\u00f6glichkeit mit einem unvertretbaren Aufwand und daher unzumutbar war. Auch hier war die Vorschrift allgemein gehalten und nicht nur bei der Verarbeitung von Besch\u00e4ftigtendaten anwendbar.<\/p>\n<p><strong>Die vorl\u00e4ufige Neuregelung des \u00a7 32 BDSG<\/strong><\/p>\n<p>Bereits vor Erlass der Neuregelung best\u00e4tigte die Bundesregierung, dass es ihr mit der Verabschiedung des \u00a7 32 BDSG lediglich um eine vorl\u00e4ufige und keineswegs als abschlie\u00dfend anzusehende Regelung ging. \u00a7 32 BDSG sollte vor allem die Bereitschaft demonstrieren, ein lange vernachl\u00e4ssigtes Themengebiet nun endlich anzugehen. Eine detaillierte Neuregelung sollte nach einer notwendigen Pr\u00fcfungs- und Diskussionsphase verabschiedet werden. Bis es soweit ist, stellt \u00a7 32 BDSG nunmehr die gesetzliche Erlaubnis f\u00fcr die Datenverarbeitung im Arbeitsverh\u00e4ltnis dar und geht \u00a7 28 Abs. 1 BDSG insoweit als speziellere Regelung vor.<\/p>\n<p><strong>Inhalt des \u00a7 32 BDSG<\/strong><\/p>\n<p>In \u00a7 32 Abs. 1 S. 1 BDSG ist allgemein die Zul\u00e4ssigkeit der Verwendung von Besch\u00e4ftigtendaten zu Zwecken des Anstellungsverh\u00e4ltnisses geregelt, w\u00e4hrend in S. 2 die Verarbeitung personenbezogener Daten zur Aufdeckung von Straftaten als Sonderfall geregelt ist, so dass dieser dem allgemeineren Satz 1 als Spezialregelung vorgeht.<\/p>\n<p><strong>Datenerhebung zur Aufkl\u00e4rung von Straftaten<\/strong><\/p>\n<p>Zur Aufdeckung von Straftaten d\u00fcrfen Besch\u00e4ftigtendaten nur dann erhoben, verarbeitet oder genutzt werden, wenn verdachtsbegr\u00fcndende, tats\u00e4chliche Anhaltspunkte vorliegen, dass der Besch\u00e4ftigte eine Straftat begangen hat. Auch hier m\u00fcssen der Grundsatz der Erforderlichkeit und schutzw\u00fcrdige Interessen der Betroffenen ber\u00fccksichtigt und somit der Grundsatz der Verh\u00e4ltnism\u00e4\u00dfigkeit gewahrt bleiben.<\/p>\n<p><strong>Der Entwurf eines neuen Besch\u00e4ftigtendatenschutzgesetzes<\/strong><\/p>\n<p>Die Einf\u00fchrung eines Abschnitts zum Besch\u00e4ftigtendatenschutz in das BDSG liegt als Referentenentwurf mittlerweile in der vierten Entwurfsfassung vor. Statt eines eigenen Gesetzes zur Regelung des Besch\u00e4ftigtendatenschutzes sieht die Novelle vor, entsprechende Vorschriften in den dritten Abschnitt des BDSG einzuf\u00fcgen. Nach \u00a7 31 BDSG soll ein neuer Unterabschnitt eingef\u00fcgt werden und der Besch\u00e4ftigtendatenschutz dort in insgesamt 13 Paragraphen (\u00a7\u00a7 32 bis 32 l BDSG-E) umfassend geregelt werden. Die Regelungen des Unterabschnitts gehen, sofern sie speziellere Regelungen treffen, den \u00fcbrigen Bestimmungen vor.<\/p>\n<p>Davon betroffen ist insbesondere das Verh\u00e4ltnis zu \u00a7 28 Abs. 1 S. 1. Nr. 1 BDSG, welches in der Vergangenheit Anlass zu Diskussion bot. Der Gesetzesentwurf unterscheidet verschiedene Stadien des Besch\u00e4ftigungsverh\u00e4ltnisses und in den \u00a7\u00a7 32 bis 32 b BDSG-E werden Datenerhebung und Verarbeitung vor Begr\u00fcndung des Besch\u00e4ftigungsverh\u00e4ltnisses geregelt.<\/p>\n<p><strong>Grundregelungen f\u00fcr die Erhebung von Besch\u00e4ftigtendaten<\/strong><\/p>\n<p>\u00a7\u00a7 32 c und 32 d BDSG-E stellen die Grundregelungen f\u00fcr die Erhebung von Besch\u00e4ftigtendaten bzw. deren Verarbeitung und Nutzung w\u00e4hrend des Arbeitsverh\u00e4ltnisses auf. Danach d\u00fcrfen Besch\u00e4ftigtendaten erhoben werden, wenn dies f\u00fcr die Durchf\u00fchrung, Beendigung oder Abwicklung des Besch\u00e4ftigungsverh\u00e4ltnisses erforderlich ist. Die Datenerhebung muss \u00fcberdies verh\u00e4ltnism\u00e4\u00dfig sein (Abs. 4).<\/p>\n<p>Die Datenerhebung und Verarbeitung muss daher zur Erf\u00fcllung eines legitimen Zwecks geeignet erforderlich und angemessen, das hei\u00dft in angemessenem Verh\u00e4ltnis zu den Rechten des Betroffenen stehen.<\/p>\n<p>F\u00fcr die weitere Verarbeitung und Nutzung, die hinsichtlich des Zwecks ebenfalls erforderlich und verh\u00e4ltnism\u00e4\u00dfig sein muss, stellt \u00a7 32 d Abs. 1 Nr. 1 BDSG-E klar, dass die Besch\u00e4ftigtendaten nur weiter genutzt werden d\u00fcrfen, wenn diese gem\u00e4\u00df der \u00a7\u00a7 32 ff. BDSG-E rechtm\u00e4\u00dfig erhoben wurden.<\/p>\n<p><strong>Daneben: weitere neue Spezialregelungen<\/strong><\/p>\n<p>Daneben gibt es Spezialregelungen f\u00fcr die Verarbeitung von Daten der betrieblichen Fernkommunikation (\u00a7 32i BDSG-E), betrieblich genutzter Ortungssystem (\u00a7 32g BDSG-E) und Video\u00fcberwachungseinrichtungen (\u00a7 32f BDSG-E) sowie die Verarbeitung biometrischer Daten in betrieblichen Autorisierungssystemen (\u00a7 32h BDSG-E). Nach dem Gesetzesentwurf m\u00fcssen die Betroffenen grunds\u00e4tzlich vorher \u00fcber die Verarbeitung ihrer Daten informiert werden und im Falle falscher \u00dcbermittlung unverz\u00fcglich unterrichtet werden (\u00a7 32j BDSG-E). Die verdeckte Erhebung soll nur bei der Aufkl\u00e4rung von Straftaten und schwerwiegenden Pflichtverletzungen zul\u00e4ssig sein und hat sich zudem am Verh\u00e4ltnism\u00e4\u00dfigkeitsgrundsatz zu orientieren.<\/p>\n<p><strong>Fazit<\/strong><\/p>\n<p><strong>Der Schutz von personenbezogenen Daten im Besch\u00e4ftigungsverh\u00e4ltnis ist derzeit eines der hitzig diskutierten Themen des Datenschutzrechts. Ob mit dem nunmehr vierten Referentenentwurf<\/strong><strong> der \u201egro\u00dfe Wurf\u201c gelungen ist wird sich zeigen. Festzuhalten bleibt n\u00e4mlich, dass auch der Referentenentwurf nach wie vor auf unbestimmte Rechtsbegriffe (berechtigte Interessen, Erforderlichkeit, Verh\u00e4ltnism\u00e4\u00dfigkeit etc.) zur\u00fcckgreifen muss, um m\u00f6glichst viele Datenverarbeitungsszenarien im Besch\u00e4ftigungsverh\u00e4ltnis zu erfassen. Zwar kann bei der Rechtsanwendung auf gefestigte Grunds\u00e4tze der Rechtsprechung zur\u00fcckgegriffen werden. Im Detail werden Anwendungsprobleme aber nicht zu vermeiden sein. Auch bleibt abzuwarten, ob die neuen Bestimmungen dem geltenden EU-Recht hinsichtlich der dort geforderten M\u00f6glichkeit gen\u00fcgen werden<\/strong><strong>, sich unter Umgehung des Arbeitgebers sofort und direkt an die zust\u00e4ndige Datenschutzbeh\u00f6rden wenden zu k\u00f6nnen.<\/strong><\/p>\n<p><strong>\u00a0<\/strong><\/p>\n<blockquote><p><strong>Autoren:<\/strong><br \/>\nRechtsanwalt <a href=\"https:\/\/www.iitr.de\/unternehmen\/ueber-uns\" target=\"_blank\" rel=\"noopener noreferrer\">Dr. Sebastian Kraska<\/a>, <a href=\"https:\/\/www.iitr.de\/produkte-services\/externer-datenschutzbeauftragter\" target=\"_blank\" rel=\"noopener noreferrer\">externer Datenschutzbeauftragter<\/a><br \/>\nRechtsassessor <a href=\"https:\/\/www.iitr.de\/unternehmen\/ueber-uns\" target=\"_blank\" rel=\"noopener noreferrer\">Benjamin Schuetze<\/a>, LL.M. (VUW)<\/p>\n<p>Telefon: 089-1891 7360<br \/>\nE-Mail: <a href=\"mailto:email@iitr.de\">email@iitr.de<\/a><\/p><\/blockquote>\n<p><strong>\u00a0<\/strong><\/p>\n<p><strong>Information bei neuen Entwicklungen im Datenschutz<\/strong><\/p>\n<p>Tragen Sie sich einfach in unseren <a href=\"https:\/\/www.iitr.de\/newsletter-anmelden\" target=\"_self\" rel=\"noopener noreferrer\">Newsletter<\/a> ein und wir informieren Sie \u00fcber neue Datenschutz-Artikel und aktuelle Entwicklungen im Datenschutzrecht.<\/p>\n<p><strong>\u00a0<\/strong><\/p>\n","protected":false},"excerpt":{"rendered":"<p>Wurden Datenschutzfragen im Rahmen von Besch\u00e4ftigungsverh\u00e4ltnissen fr\u00fcher lediglich der Verh\u00e4ltnism\u00e4\u00dfigkeitspr\u00fcfung des \u00a7 28 Bundesdatenschutzgesetz (BDSG) alte Fassung (a.F.) unterzogen, ist mit der Novellierung des BDSG am 1. September 2009 und mit der Schaffung des \u00a7 32 BDSG eine erste bereichsspezifische Regelung des Besch\u00e4ftigtendatenschutz geschaffen worden. Zur weiteren Verbesserung des Arbeitnehmerdatenschutzes plant die Bundesregierung derzeit den &hellip; <a href=\"https:\/\/www.iitr.de\/blog\/entwicklung-beschaeftigten-datenschutz-generalklausel-28-bdsg-berechtigte-interessen-schutzwuerdigkeit\/3792\/\" class=\"more-link\"><span class=\"screen-reader-text\">Entwicklung des Besch\u00e4ftigten-Datenschutzes: die Generalklausel des \u00a7 28 BDSG, berechtigte Interessen und Schutzw\u00fcrdigkeit<\/span> weiterlesen<\/a><\/p>\n","protected":false},"author":14,"featured_media":0,"comment_status":"open","ping_status":"open","sticky":false,"template":"","format":"standard","meta":{"_acf_changed":false,"footnotes":""},"categories":[5,8,3,4,10,11],"tags":[437,152,141,812,477,811,465,573,466,16,226,232,478,436,810,813,809],"class_list":["post-3792","post","type-post","status-publish","format-standard","hentry","category-praxis","category-politik","category-news","category-recht","category-fur-betroffene","category-fur-verarbeitende-stellen","tag-32-bdsg","tag-arbeitgeber","tag-arbeitnehmer","tag-aufklarung","tag-bayern","tag-berechtigtes-interesse","tag-beschaftigte","tag-beschaftigtendaten","tag-beschaftigtendatenschutz","tag-datenschutz","tag-datenschutzbeauftragter","tag-externer-datenschutzbeauftragter","tag-munchen","tag-neuregelung","tag-schutzwurdiges-interesse","tag-straftaten","tag-zweckbestimmung"],"acf":[],"yoast_head":"<!-- This site is optimized with the Yoast SEO plugin v26.0 - https:\/\/yoast.com\/wordpress\/plugins\/seo\/ -->\n<title>Datenschutz: 28 BDSG, Interessen und Schutzw\u00fcrdigkeit<\/title>\n<meta name=\"description\" content=\"Schutz von personenbezogenen Daten im Besch\u00e4ftigungsverh\u00e4ltnis ist ein diskutiertes Thema. Ob mit dem aktuellen Entwurf der gro\u00dfe Wurf gelungen ist?\" \/>\n<meta name=\"robots\" content=\"index, follow, max-snippet:-1, max-image-preview:large, max-video-preview:-1\" \/>\n<link rel=\"canonical\" href=\"https:\/\/www.iitr.de\/blog\/entwicklung-beschaeftigten-datenschutz-generalklausel-28-bdsg-berechtigte-interessen-schutzwuerdigkeit\/3792\/\" \/>\n<meta property=\"og:locale\" content=\"de_DE\" \/>\n<meta property=\"og:type\" content=\"article\" \/>\n<meta property=\"og:title\" content=\"Datenschutz: 28 BDSG, Interessen und Schutzw\u00fcrdigkeit\" \/>\n<meta property=\"og:description\" content=\"Schutz von personenbezogenen Daten im Besch\u00e4ftigungsverh\u00e4ltnis ist ein diskutiertes Thema. Ob mit dem aktuellen Entwurf der gro\u00dfe Wurf gelungen ist?\" \/>\n<meta property=\"og:url\" content=\"https:\/\/www.iitr.de\/blog\/entwicklung-beschaeftigten-datenschutz-generalklausel-28-bdsg-berechtigte-interessen-schutzwuerdigkeit\/3792\/\" \/>\n<meta property=\"og:site_name\" content=\"Das Datenschutz-Blog\" \/>\n<meta property=\"article:published_time\" content=\"2010-09-07T22:05:53+00:00\" \/>\n<meta property=\"article:modified_time\" content=\"2025-06-17T11:59:48+00:00\" \/>\n<meta name=\"author\" content=\"Sebastian Kraska\" \/>\n<meta name=\"twitter:card\" content=\"summary_large_image\" \/>\n<meta name=\"twitter:creator\" content=\"@sebkraska\" \/>\n<meta name=\"twitter:site\" content=\"@sebkraska\" \/>\n<meta name=\"twitter:label1\" content=\"Geschrieben von\" \/>\n\t<meta name=\"twitter:data1\" content=\"Sebastian Kraska\" \/>\n\t<meta name=\"twitter:label2\" content=\"Gesch\u00e4tzte Lesezeit\" \/>\n\t<meta name=\"twitter:data2\" content=\"6\u00a0Minuten\" \/>\n<script type=\"application\/ld+json\" class=\"yoast-schema-graph\">{\"@context\":\"https:\/\/schema.org\",\"@graph\":[{\"@type\":\"Article\",\"@id\":\"https:\/\/www.iitr.de\/blog\/entwicklung-beschaeftigten-datenschutz-generalklausel-28-bdsg-berechtigte-interessen-schutzwuerdigkeit\/3792\/#article\",\"isPartOf\":{\"@id\":\"https:\/\/www.iitr.de\/blog\/entwicklung-beschaeftigten-datenschutz-generalklausel-28-bdsg-berechtigte-interessen-schutzwuerdigkeit\/3792\/\"},\"author\":{\"name\":\"Sebastian Kraska\",\"@id\":\"https:\/\/www.iitr.de\/blog\/#\/schema\/person\/632d8781fda6b4fe5a5196f8dff9a01e\"},\"headline\":\"Entwicklung des Besch\u00e4ftigten-Datenschutzes: die Generalklausel des \u00a7 28 BDSG, berechtigte Interessen und Schutzw\u00fcrdigkeit\",\"datePublished\":\"2010-09-07T22:05:53+00:00\",\"dateModified\":\"2025-06-17T11:59:48+00:00\",\"mainEntityOfPage\":{\"@id\":\"https:\/\/www.iitr.de\/blog\/entwicklung-beschaeftigten-datenschutz-generalklausel-28-bdsg-berechtigte-interessen-schutzwuerdigkeit\/3792\/\"},\"wordCount\":1158,\"commentCount\":0,\"publisher\":{\"@id\":\"https:\/\/www.iitr.de\/blog\/#organization\"},\"keywords\":[\"32 bdsg\",\"arbeitgeber\",\"arbeitnehmer\",\"aufkl\u00e4rung\",\"bayern\",\"berechtigtes Interesse\",\"besch\u00e4ftigte\",\"besch\u00e4ftigtendaten\",\"besch\u00e4ftigtendatenschutz\",\"datenschutz\",\"datenschutzbeauftragter\",\"externer datenschutzbeauftragter\",\"m\u00fcnchen\",\"neuregelung\",\"schutzw\u00fcrdiges Interesse\",\"straftaten\",\"Zweckbestimmung\"],\"articleSection\":[\"Datenschutz umsetzen in der Praxis\",\"Datenschutz-\u00c4nderungen in Deutschland und Europa\",\"Datenschutz-News\",\"Datenschutz: Rechte und Pflichten\",\"Praxis - F\u00fcr Betroffene\",\"Praxis - Verarbeitende Stellen\"],\"inLanguage\":\"de\",\"potentialAction\":[{\"@type\":\"CommentAction\",\"name\":\"Comment\",\"target\":[\"https:\/\/www.iitr.de\/blog\/entwicklung-beschaeftigten-datenschutz-generalklausel-28-bdsg-berechtigte-interessen-schutzwuerdigkeit\/3792\/#respond\"]}]},{\"@type\":\"WebPage\",\"@id\":\"https:\/\/www.iitr.de\/blog\/entwicklung-beschaeftigten-datenschutz-generalklausel-28-bdsg-berechtigte-interessen-schutzwuerdigkeit\/3792\/\",\"url\":\"https:\/\/www.iitr.de\/blog\/entwicklung-beschaeftigten-datenschutz-generalklausel-28-bdsg-berechtigte-interessen-schutzwuerdigkeit\/3792\/\",\"name\":\"Datenschutz: 28 BDSG, Interessen und Schutzw\u00fcrdigkeit\",\"isPartOf\":{\"@id\":\"https:\/\/www.iitr.de\/blog\/#website\"},\"datePublished\":\"2010-09-07T22:05:53+00:00\",\"dateModified\":\"2025-06-17T11:59:48+00:00\",\"description\":\"Schutz von personenbezogenen Daten im Besch\u00e4ftigungsverh\u00e4ltnis ist ein diskutiertes Thema. Ob mit dem aktuellen Entwurf der gro\u00dfe Wurf gelungen ist?\",\"breadcrumb\":{\"@id\":\"https:\/\/www.iitr.de\/blog\/entwicklung-beschaeftigten-datenschutz-generalklausel-28-bdsg-berechtigte-interessen-schutzwuerdigkeit\/3792\/#breadcrumb\"},\"inLanguage\":\"de\",\"potentialAction\":[{\"@type\":\"ReadAction\",\"target\":[\"https:\/\/www.iitr.de\/blog\/entwicklung-beschaeftigten-datenschutz-generalklausel-28-bdsg-berechtigte-interessen-schutzwuerdigkeit\/3792\/\"]}]},{\"@type\":\"BreadcrumbList\",\"@id\":\"https:\/\/www.iitr.de\/blog\/entwicklung-beschaeftigten-datenschutz-generalklausel-28-bdsg-berechtigte-interessen-schutzwuerdigkeit\/3792\/#breadcrumb\",\"itemListElement\":[{\"@type\":\"ListItem\",\"position\":1,\"name\":\"Startseite\",\"item\":\"https:\/\/www.iitr.de\/blog\/\"},{\"@type\":\"ListItem\",\"position\":2,\"name\":\"Entwicklung des Besch\u00e4ftigten-Datenschutzes: die Generalklausel des \u00a7 28 BDSG, berechtigte Interessen und Schutzw\u00fcrdigkeit\"}]},{\"@type\":\"WebSite\",\"@id\":\"https:\/\/www.iitr.de\/blog\/#website\",\"url\":\"https:\/\/www.iitr.de\/blog\/\",\"name\":\"Das Datenschutz-Blog\",\"description\":\"IITR\",\"publisher\":{\"@id\":\"https:\/\/www.iitr.de\/blog\/#organization\"},\"potentialAction\":[{\"@type\":\"SearchAction\",\"target\":{\"@type\":\"EntryPoint\",\"urlTemplate\":\"https:\/\/www.iitr.de\/blog\/?s={search_term_string}\"},\"query-input\":{\"@type\":\"PropertyValueSpecification\",\"valueRequired\":true,\"valueName\":\"search_term_string\"}}],\"inLanguage\":\"de\"},{\"@type\":\"Organization\",\"@id\":\"https:\/\/www.iitr.de\/blog\/#organization\",\"name\":\"IITR Datenschutz GmbH\",\"url\":\"https:\/\/www.iitr.de\/blog\/\",\"logo\":{\"@type\":\"ImageObject\",\"inLanguage\":\"de\",\"@id\":\"https:\/\/www.iitr.de\/blog\/#\/schema\/logo\/image\/\",\"url\":\"https:\/\/www.iitr.de\/blog\/wp-content\/uploads\/2020\/09\/externer-datenschutzbeauftragter-iitr-gross.jpg\",\"contentUrl\":\"https:\/\/www.iitr.de\/blog\/wp-content\/uploads\/2020\/09\/externer-datenschutzbeauftragter-iitr-gross.jpg\",\"width\":294,\"height\":100,\"caption\":\"IITR Datenschutz GmbH\"},\"image\":{\"@id\":\"https:\/\/www.iitr.de\/blog\/#\/schema\/logo\/image\/\"},\"sameAs\":[\"https:\/\/x.com\/sebkraska\",\"https:\/\/www.youtube.com\/user\/datenschutzvideos\/\"]},{\"@type\":\"Person\",\"@id\":\"https:\/\/www.iitr.de\/blog\/#\/schema\/person\/632d8781fda6b4fe5a5196f8dff9a01e\",\"name\":\"Sebastian Kraska\"}]}<\/script>\n<!-- \/ Yoast SEO plugin. -->","yoast_head_json":{"title":"Datenschutz: 28 BDSG, Interessen und Schutzw\u00fcrdigkeit","description":"Schutz von personenbezogenen Daten im Besch\u00e4ftigungsverh\u00e4ltnis ist ein diskutiertes Thema. Ob mit dem aktuellen Entwurf der gro\u00dfe Wurf gelungen ist?","robots":{"index":"index","follow":"follow","max-snippet":"max-snippet:-1","max-image-preview":"max-image-preview:large","max-video-preview":"max-video-preview:-1"},"canonical":"https:\/\/www.iitr.de\/blog\/entwicklung-beschaeftigten-datenschutz-generalklausel-28-bdsg-berechtigte-interessen-schutzwuerdigkeit\/3792\/","og_locale":"de_DE","og_type":"article","og_title":"Datenschutz: 28 BDSG, Interessen und Schutzw\u00fcrdigkeit","og_description":"Schutz von personenbezogenen Daten im Besch\u00e4ftigungsverh\u00e4ltnis ist ein diskutiertes Thema. Ob mit dem aktuellen Entwurf der gro\u00dfe Wurf gelungen ist?","og_url":"https:\/\/www.iitr.de\/blog\/entwicklung-beschaeftigten-datenschutz-generalklausel-28-bdsg-berechtigte-interessen-schutzwuerdigkeit\/3792\/","og_site_name":"Das Datenschutz-Blog","article_published_time":"2010-09-07T22:05:53+00:00","article_modified_time":"2025-06-17T11:59:48+00:00","author":"Sebastian Kraska","twitter_card":"summary_large_image","twitter_creator":"@sebkraska","twitter_site":"@sebkraska","twitter_misc":{"Geschrieben von":"Sebastian Kraska","Gesch\u00e4tzte Lesezeit":"6\u00a0Minuten"},"schema":{"@context":"https:\/\/schema.org","@graph":[{"@type":"Article","@id":"https:\/\/www.iitr.de\/blog\/entwicklung-beschaeftigten-datenschutz-generalklausel-28-bdsg-berechtigte-interessen-schutzwuerdigkeit\/3792\/#article","isPartOf":{"@id":"https:\/\/www.iitr.de\/blog\/entwicklung-beschaeftigten-datenschutz-generalklausel-28-bdsg-berechtigte-interessen-schutzwuerdigkeit\/3792\/"},"author":{"name":"Sebastian Kraska","@id":"https:\/\/www.iitr.de\/blog\/#\/schema\/person\/632d8781fda6b4fe5a5196f8dff9a01e"},"headline":"Entwicklung des Besch\u00e4ftigten-Datenschutzes: die Generalklausel des \u00a7 28 BDSG, berechtigte Interessen und Schutzw\u00fcrdigkeit","datePublished":"2010-09-07T22:05:53+00:00","dateModified":"2025-06-17T11:59:48+00:00","mainEntityOfPage":{"@id":"https:\/\/www.iitr.de\/blog\/entwicklung-beschaeftigten-datenschutz-generalklausel-28-bdsg-berechtigte-interessen-schutzwuerdigkeit\/3792\/"},"wordCount":1158,"commentCount":0,"publisher":{"@id":"https:\/\/www.iitr.de\/blog\/#organization"},"keywords":["32 bdsg","arbeitgeber","arbeitnehmer","aufkl\u00e4rung","bayern","berechtigtes Interesse","besch\u00e4ftigte","besch\u00e4ftigtendaten","besch\u00e4ftigtendatenschutz","datenschutz","datenschutzbeauftragter","externer datenschutzbeauftragter","m\u00fcnchen","neuregelung","schutzw\u00fcrdiges Interesse","straftaten","Zweckbestimmung"],"articleSection":["Datenschutz umsetzen in der Praxis","Datenschutz-\u00c4nderungen in Deutschland und Europa","Datenschutz-News","Datenschutz: Rechte und Pflichten","Praxis - F\u00fcr Betroffene","Praxis - Verarbeitende Stellen"],"inLanguage":"de","potentialAction":[{"@type":"CommentAction","name":"Comment","target":["https:\/\/www.iitr.de\/blog\/entwicklung-beschaeftigten-datenschutz-generalklausel-28-bdsg-berechtigte-interessen-schutzwuerdigkeit\/3792\/#respond"]}]},{"@type":"WebPage","@id":"https:\/\/www.iitr.de\/blog\/entwicklung-beschaeftigten-datenschutz-generalklausel-28-bdsg-berechtigte-interessen-schutzwuerdigkeit\/3792\/","url":"https:\/\/www.iitr.de\/blog\/entwicklung-beschaeftigten-datenschutz-generalklausel-28-bdsg-berechtigte-interessen-schutzwuerdigkeit\/3792\/","name":"Datenschutz: 28 BDSG, Interessen und Schutzw\u00fcrdigkeit","isPartOf":{"@id":"https:\/\/www.iitr.de\/blog\/#website"},"datePublished":"2010-09-07T22:05:53+00:00","dateModified":"2025-06-17T11:59:48+00:00","description":"Schutz von personenbezogenen Daten im Besch\u00e4ftigungsverh\u00e4ltnis ist ein diskutiertes Thema. Ob mit dem aktuellen Entwurf der gro\u00dfe Wurf gelungen ist?","breadcrumb":{"@id":"https:\/\/www.iitr.de\/blog\/entwicklung-beschaeftigten-datenschutz-generalklausel-28-bdsg-berechtigte-interessen-schutzwuerdigkeit\/3792\/#breadcrumb"},"inLanguage":"de","potentialAction":[{"@type":"ReadAction","target":["https:\/\/www.iitr.de\/blog\/entwicklung-beschaeftigten-datenschutz-generalklausel-28-bdsg-berechtigte-interessen-schutzwuerdigkeit\/3792\/"]}]},{"@type":"BreadcrumbList","@id":"https:\/\/www.iitr.de\/blog\/entwicklung-beschaeftigten-datenschutz-generalklausel-28-bdsg-berechtigte-interessen-schutzwuerdigkeit\/3792\/#breadcrumb","itemListElement":[{"@type":"ListItem","position":1,"name":"Startseite","item":"https:\/\/www.iitr.de\/blog\/"},{"@type":"ListItem","position":2,"name":"Entwicklung des Besch\u00e4ftigten-Datenschutzes: die Generalklausel des \u00a7 28 BDSG, berechtigte Interessen und Schutzw\u00fcrdigkeit"}]},{"@type":"WebSite","@id":"https:\/\/www.iitr.de\/blog\/#website","url":"https:\/\/www.iitr.de\/blog\/","name":"Das Datenschutz-Blog","description":"IITR","publisher":{"@id":"https:\/\/www.iitr.de\/blog\/#organization"},"potentialAction":[{"@type":"SearchAction","target":{"@type":"EntryPoint","urlTemplate":"https:\/\/www.iitr.de\/blog\/?s={search_term_string}"},"query-input":{"@type":"PropertyValueSpecification","valueRequired":true,"valueName":"search_term_string"}}],"inLanguage":"de"},{"@type":"Organization","@id":"https:\/\/www.iitr.de\/blog\/#organization","name":"IITR Datenschutz GmbH","url":"https:\/\/www.iitr.de\/blog\/","logo":{"@type":"ImageObject","inLanguage":"de","@id":"https:\/\/www.iitr.de\/blog\/#\/schema\/logo\/image\/","url":"https:\/\/www.iitr.de\/blog\/wp-content\/uploads\/2020\/09\/externer-datenschutzbeauftragter-iitr-gross.jpg","contentUrl":"https:\/\/www.iitr.de\/blog\/wp-content\/uploads\/2020\/09\/externer-datenschutzbeauftragter-iitr-gross.jpg","width":294,"height":100,"caption":"IITR Datenschutz GmbH"},"image":{"@id":"https:\/\/www.iitr.de\/blog\/#\/schema\/logo\/image\/"},"sameAs":["https:\/\/x.com\/sebkraska","https:\/\/www.youtube.com\/user\/datenschutzvideos\/"]},{"@type":"Person","@id":"https:\/\/www.iitr.de\/blog\/#\/schema\/person\/632d8781fda6b4fe5a5196f8dff9a01e","name":"Sebastian Kraska"}]}},"_links":{"self":[{"href":"https:\/\/www.iitr.de\/blog\/wp-json\/wp\/v2\/posts\/3792","targetHints":{"allow":["GET"]}}],"collection":[{"href":"https:\/\/www.iitr.de\/blog\/wp-json\/wp\/v2\/posts"}],"about":[{"href":"https:\/\/www.iitr.de\/blog\/wp-json\/wp\/v2\/types\/post"}],"author":[{"embeddable":true,"href":"https:\/\/www.iitr.de\/blog\/wp-json\/wp\/v2\/users\/14"}],"replies":[{"embeddable":true,"href":"https:\/\/www.iitr.de\/blog\/wp-json\/wp\/v2\/comments?post=3792"}],"version-history":[{"count":16,"href":"https:\/\/www.iitr.de\/blog\/wp-json\/wp\/v2\/posts\/3792\/revisions"}],"predecessor-version":[{"id":22682,"href":"https:\/\/www.iitr.de\/blog\/wp-json\/wp\/v2\/posts\/3792\/revisions\/22682"}],"wp:attachment":[{"href":"https:\/\/www.iitr.de\/blog\/wp-json\/wp\/v2\/media?parent=3792"}],"wp:term":[{"taxonomy":"category","embeddable":true,"href":"https:\/\/www.iitr.de\/blog\/wp-json\/wp\/v2\/categories?post=3792"},{"taxonomy":"post_tag","embeddable":true,"href":"https:\/\/www.iitr.de\/blog\/wp-json\/wp\/v2\/tags?post=3792"}],"curies":[{"name":"wp","href":"https:\/\/api.w.org\/{rel}","templated":true}]}}