{"id":22970,"date":"2026-04-28T09:46:03","date_gmt":"2026-04-28T07:46:03","guid":{"rendered":"https:\/\/www.iitr.de\/blog\/?p=22970"},"modified":"2026-04-29T09:49:04","modified_gmt":"2026-04-29T07:49:04","slug":"transportverschluesselung-genuegt-vg-duesseldorf-konkretisiert-anforderungen-an-e-mail-sicherheit","status":"publish","type":"post","link":"https:\/\/www.iitr.de\/blog\/transportverschluesselung-genuegt-vg-duesseldorf-konkretisiert-anforderungen-an-e-mail-sicherheit\/22970\/","title":{"rendered":"Transportverschl\u00fcsselung gen\u00fcgt: VG D\u00fcsseldorf konkretisiert Anforderungen an E-Mail-Sicherheit"},"content":{"rendered":"<p>Mit <a href=\"https:\/\/nrwe.justiz.nrw.de\/ovgs\/vg_duesseldorf\/j2026\/29_K_7351_23_Urteil_20260402.html\" target=\"_blank\" rel=\"noopener\">Urteil vom 2. April 2026<\/a> (Az. 29 K 7351\/23) hat das Verwaltungsgericht D\u00fcsseldorf zentrale Fragen zur datenschutzrechtlichen Absicherung von E-Mail-Kommunikation pr\u00e4zisiert. Im Fokus stand die bislang umstrittene Frage, ob personenbezogene Daten grunds\u00e4tzlich nur mittels Ende-zu-Ende-Verschl\u00fcsselung \u00fcbermittelt werden d\u00fcrfen oder ob eine Transportverschl\u00fcsselung ausreichen kann.<\/p>\n<h2><strong>Sachverhalt<\/strong><\/h2>\n<p>Ausgangspunkt war ein allt\u00e4glicher Vorgang: Nach einem Verkehrsunfall wurde der Name einer betroffenen Person per E-Mail an eine Versicherung \u00fcbermittelt. Der Kl\u00e4ger sah hierin einen Datenschutzversto\u00df und machte geltend, dass aufgrund seiner individuellen Situation ein erh\u00f6htes Schutzbed\u00fcrfnis bestehe. Er verlangte daher ein Einschreiten der zust\u00e4ndigen Aufsichtsbeh\u00f6rde und insbesondere strengere technische Schutzma\u00dfnahmen. Die Beh\u00f6rde sah hierf\u00fcr keinen Anlass, was der Kl\u00e4ger gerichtlich \u00fcberpr\u00fcfen lie\u00df.<\/p>\n<h2><strong>Ma\u00dfstab: Angemessenes Schutzniveau statt Maximalschutz<\/strong><\/h2>\n<p>Das Gericht stellt klar, dass die datenschutzrechtlichen Anforderungen nicht auf ein bestimmtes technisches Niveau festgelegt sind. Ma\u00dfgeblich ist vielmehr, ob die gew\u00e4hlten Ma\u00dfnahmen ein angemessenes Schutzniveau gew\u00e4hrleisten. Dieses bestimmt sich nach den konkreten Risiken f\u00fcr die betroffene Person.<\/p>\n<p>Damit best\u00e4tigt das Gericht den risikobasierten Ansatz: Verantwortliche sind nicht verpflichtet, stets die technisch aufwendigste oder sicherste L\u00f6sung einzusetzen. Entscheidend ist vielmehr eine nachvollziehbare Abw\u00e4gung zwischen Schutzbedarf und eingesetzten Ma\u00dfnahmen.<\/p>\n<h2><strong>Transportverschl\u00fcsselung im konkreten Fall ausreichend<\/strong><\/h2>\n<p>Vor diesem Hintergrund verneinte das Gericht einen Datenschutzversto\u00df. Ausschlaggebend war die vergleichsweise geringe Sensibilit\u00e4t der \u00fcbermittelten Information. Es handelte sich lediglich um den Namen der betroffenen Person, ohne weitere Angaben, die R\u00fcckschl\u00fcsse auf pers\u00f6nliche Verh\u00e4ltnisse oder eine besondere Schutzbed\u00fcrftigkeit zulie\u00dfen.<\/p>\n<p>Unter diesen Umst\u00e4nden hielt das Gericht die eingesetzte Transportverschl\u00fcsselung f\u00fcr ausreichend. Eine generelle Verpflichtung zur Ende-zu-Ende-Verschl\u00fcsselung besteht nach der Entscheidung nicht. Gleichzeitig macht das Gericht deutlich, dass diese Bewertung stets vom Einzelfall abh\u00e4ngt: Bei sensibleren Daten oder erh\u00f6htem Risiko k\u00f6nnen strengere Ma\u00dfnahmen erforderlich sein.<\/p>\n<h2><strong>Ermessensspielraum der Aufsichtsbeh\u00f6rden<\/strong><\/h2>\n<p>Ein weiterer wesentlicher Aspekt betrifft die Rolle der Aufsichtsbeh\u00f6rden. Das Gericht betont, dass diesen bei der Entscheidung \u00fcber ein Einschreiten ein weiter Spielraum zukommt. Betroffene k\u00f6nnen daher grunds\u00e4tzlich nicht verlangen, dass bestimmte Ma\u00dfnahmen \u2013 etwa die Verh\u00e4ngung eines Bu\u00dfgelds oder die Anordnung konkreter technischer Vorgaben \u2013 ergriffen werden.<\/p>\n<p>Diese Klarstellung unterstreicht, dass die Durchsetzung datenschutzrechtlicher Anforderungen nicht schematisch erfolgt, sondern eine beh\u00f6rdliche Bewertung im Einzelfall voraussetzt.<\/p>\n<h2><strong>Bedeutung f\u00fcr die Praxis<\/strong><\/h2>\n<p>F\u00fcr Unternehmen bringt das Urteil vor allem Klarheit im Umgang mit E-Mail-Kommunikation. Es best\u00e4tigt, dass die verbreitete Transportverschl\u00fcsselung in vielen F\u00e4llen ein ausreichendes Sicherheitsniveau darstellen kann. Zugleich bleibt die Pflicht bestehen, die jeweiligen Risiken sorgf\u00e4ltig zu bewerten und die getroffenen Ma\u00dfnahmen nachvollziehbar zu begr\u00fcnden.<\/p>\n<p>Entscheidend ist dabei insbesondere die Art der verarbeiteten Daten, der Kontext der \u00dcbermittlung und m\u00f6gliche Auswirkungen auf die betroffenen Personen. Je h\u00f6her das Risiko, desto h\u00f6here Anforderungen sind an die Absicherung zu stellen.<\/p>\n<h2><strong>Fazit<\/strong><\/h2>\n<p>Das Urteil f\u00fcgt sich in die bisherige Linie der datenschutzrechtlichen Rechtsprechung ein und st\u00e4rkt den risikobasierten Ansatz. Es erteilt pauschalen Anforderungen an bestimmte technische Ma\u00dfnahmen eine Absage und r\u00fcckt stattdessen die einzelfallbezogene Bewertung in den Mittelpunkt. F\u00fcr die Praxis bedeutet dies: Nicht das Maximum an Sicherheit ist entscheidend, sondern eine angemessene, begr\u00fcndete und dokumentierte Schutzma\u00dfnahme.<\/p>\n<h2><strong>Abweichende Rechtsprechung: Schleswig-Holstein mit strengerer Linie<\/strong><\/h2>\n<p>Die Frage der erforderlichen E-Mail-Sicherheit wird jedoch nicht einheitlich beurteilt. So vertritt die Rechtsprechung aus Schleswig-Holstein eine tendenziell strengere Auffassung und stellt h\u00f6here Anforderungen an die Vertraulichkeit bei der \u00dcbermittlung personenbezogener Daten.<\/p>\n<p>Danach kann eine blo\u00dfe Transportverschl\u00fcsselung \u2013 insbesondere bei erh\u00f6htem Risiko \u2013 nicht in jedem Fall ausreichend sein, sodass weitergehende Ma\u00dfnahmen in Betracht zu ziehen sind.<\/p>\n<p>Den Volltext der Entscheidung des VLG D\u00fcsseldorf Sie hier: <a href=\"https:\/\/nrwe.justiz.nrw.de\/ovgs\/vg_duesseldorf\/j2026\/29_K_7351_23_Urteil_20260402.html\" target=\"_blank\" rel=\"noopener\">Verwaltungsgericht D\u00fcsseldorf, Urt. v. 02.04.2026, 29 K 7351\/23<\/a><\/p>\n<p>Die Gegenansicht des OLG Schleswig-Holstein finden sie hier: <a href=\"https:\/\/www.gesetze-rechtsprechung.sh.juris.de\/bssh\/document\/NJRE001598708\" target=\"_blank\" rel=\"noopener\">OLG Schleswig, Urt. v. 18.12.2024, Az: 12 U 9\/24<\/a><\/p>\n","protected":false},"excerpt":{"rendered":"<p>Mit Urteil vom 2. April 2026 (Az. 29 K 7351\/23) hat das Verwaltungsgericht D\u00fcsseldorf zentrale Fragen zur datenschutzrechtlichen Absicherung von E-Mail-Kommunikation pr\u00e4zisiert. Im Fokus stand die bislang umstrittene Frage, ob personenbezogene Daten grunds\u00e4tzlich nur mittels Ende-zu-Ende-Verschl\u00fcsselung \u00fcbermittelt werden d\u00fcrfen oder ob eine Transportverschl\u00fcsselung ausreichen kann. Sachverhalt Ausgangspunkt war ein allt\u00e4glicher Vorgang: Nach einem Verkehrsunfall wurde &hellip; <a href=\"https:\/\/www.iitr.de\/blog\/transportverschluesselung-genuegt-vg-duesseldorf-konkretisiert-anforderungen-an-e-mail-sicherheit\/22970\/\" class=\"more-link\"><span class=\"screen-reader-text\">Transportverschl\u00fcsselung gen\u00fcgt: VG D\u00fcsseldorf konkretisiert Anforderungen an E-Mail-Sicherheit<\/span> weiterlesen<\/a><\/p>\n","protected":false},"author":31,"featured_media":0,"comment_status":"closed","ping_status":"open","sticky":false,"template":"","format":"standard","meta":{"_acf_changed":false,"footnotes":""},"categories":[3],"tags":[16,3752,2514,1005,5326,341,3527],"class_list":["post-22970","post","type-post","status-publish","format-standard","hentry","category-news","tag-datenschutz","tag-dsgvo","tag-email","tag-it-sicherheit","tag-transportverschluesselung","tag-urteil","tag-verwaltungsgericht"],"acf":[],"yoast_head":"<!-- This site is optimized with the Yoast SEO plugin v27.5 - https:\/\/yoast.com\/product\/yoast-seo-wordpress\/ -->\n<title>Transportverschl\u00fcsselung gen\u00fcgt: VG D\u00fcsseldorf konkretisiert Anforderungen an E-Mail-Sicherheit - IITR<\/title>\n<meta name=\"description\" content=\"Mit Urteil vom 2. April 2026 (Az. 29 K 7351\/23) hat das Verwaltungsgericht D\u00fcsseldorf zentrale Fragen zur datenschutzrechtlichen Absicherung von Transportverschl\u00fcsselung gen\u00fcgt: VG D\u00fcsseldorf konkretisiert Anforderungen an E-Mail-Sicherheit\" \/>\n<meta name=\"robots\" content=\"index, follow, max-snippet:-1, max-image-preview:large, max-video-preview:-1\" \/>\n<link rel=\"canonical\" href=\"https:\/\/www.iitr.de\/blog\/transportverschluesselung-genuegt-vg-duesseldorf-konkretisiert-anforderungen-an-e-mail-sicherheit\/22970\/\" \/>\n<meta property=\"og:locale\" content=\"de_DE\" \/>\n<meta property=\"og:type\" content=\"article\" \/>\n<meta property=\"og:title\" content=\"Transportverschl\u00fcsselung gen\u00fcgt: VG D\u00fcsseldorf konkretisiert Anforderungen an E-Mail-Sicherheit - IITR\" \/>\n<meta property=\"og:description\" content=\"Mit Urteil vom 2. April 2026 (Az. 29 K 7351\/23) hat das Verwaltungsgericht D\u00fcsseldorf zentrale Fragen zur datenschutzrechtlichen Absicherung von Transportverschl\u00fcsselung gen\u00fcgt: VG D\u00fcsseldorf konkretisiert Anforderungen an E-Mail-Sicherheit\" \/>\n<meta property=\"og:url\" content=\"https:\/\/www.iitr.de\/blog\/transportverschluesselung-genuegt-vg-duesseldorf-konkretisiert-anforderungen-an-e-mail-sicherheit\/22970\/\" \/>\n<meta property=\"og:site_name\" content=\"Das Datenschutz-Blog\" \/>\n<meta property=\"article:published_time\" content=\"2026-04-28T07:46:03+00:00\" \/>\n<meta property=\"article:modified_time\" content=\"2026-04-29T07:49:04+00:00\" \/>\n<meta name=\"author\" content=\"Eva Herdegen\" \/>\n<meta name=\"twitter:card\" content=\"summary_large_image\" \/>\n<meta name=\"twitter:creator\" content=\"@sebkraska\" \/>\n<meta name=\"twitter:site\" content=\"@sebkraska\" \/>\n<meta name=\"twitter:label1\" content=\"Geschrieben von\" \/>\n\t<meta name=\"twitter:data1\" content=\"Eva Herdegen\" \/>\n\t<meta name=\"twitter:label2\" content=\"Gesch\u00e4tzte Lesezeit\" \/>\n\t<meta name=\"twitter:data2\" content=\"4\u00a0Minuten\" \/>\n<script type=\"application\/ld+json\" class=\"yoast-schema-graph\">{\"@context\":\"https:\\\/\\\/schema.org\",\"@graph\":[{\"@type\":\"Article\",\"@id\":\"https:\\\/\\\/www.iitr.de\\\/blog\\\/transportverschluesselung-genuegt-vg-duesseldorf-konkretisiert-anforderungen-an-e-mail-sicherheit\\\/22970\\\/#article\",\"isPartOf\":{\"@id\":\"https:\\\/\\\/www.iitr.de\\\/blog\\\/transportverschluesselung-genuegt-vg-duesseldorf-konkretisiert-anforderungen-an-e-mail-sicherheit\\\/22970\\\/\"},\"author\":{\"name\":\"Eva Herdegen\",\"@id\":\"https:\\\/\\\/www.iitr.de\\\/blog\\\/#\\\/schema\\\/person\\\/91be9ec133511093716685adf24c73d5\"},\"headline\":\"Transportverschl\u00fcsselung gen\u00fcgt: VG D\u00fcsseldorf konkretisiert Anforderungen an E-Mail-Sicherheit\",\"datePublished\":\"2026-04-28T07:46:03+00:00\",\"dateModified\":\"2026-04-29T07:49:04+00:00\",\"mainEntityOfPage\":{\"@id\":\"https:\\\/\\\/www.iitr.de\\\/blog\\\/transportverschluesselung-genuegt-vg-duesseldorf-konkretisiert-anforderungen-an-e-mail-sicherheit\\\/22970\\\/\"},\"wordCount\":647,\"publisher\":{\"@id\":\"https:\\\/\\\/www.iitr.de\\\/blog\\\/#organization\"},\"keywords\":[\"datenschutz\",\"DSGVO\",\"Email\",\"IT-Sicherheit\",\"Transportverschl\u00fcsselung\",\"urteil\",\"Verwaltungsgericht\"],\"articleSection\":[\"Datenschutz-News\"],\"inLanguage\":\"de\"},{\"@type\":\"WebPage\",\"@id\":\"https:\\\/\\\/www.iitr.de\\\/blog\\\/transportverschluesselung-genuegt-vg-duesseldorf-konkretisiert-anforderungen-an-e-mail-sicherheit\\\/22970\\\/\",\"url\":\"https:\\\/\\\/www.iitr.de\\\/blog\\\/transportverschluesselung-genuegt-vg-duesseldorf-konkretisiert-anforderungen-an-e-mail-sicherheit\\\/22970\\\/\",\"name\":\"Transportverschl\u00fcsselung gen\u00fcgt: VG D\u00fcsseldorf konkretisiert Anforderungen an E-Mail-Sicherheit - IITR\",\"isPartOf\":{\"@id\":\"https:\\\/\\\/www.iitr.de\\\/blog\\\/#website\"},\"datePublished\":\"2026-04-28T07:46:03+00:00\",\"dateModified\":\"2026-04-29T07:49:04+00:00\",\"description\":\"Mit Urteil vom 2. April 2026 (Az. 29 K 7351\\\/23) hat das Verwaltungsgericht D\u00fcsseldorf zentrale Fragen zur datenschutzrechtlichen Absicherung von Transportverschl\u00fcsselung gen\u00fcgt: VG D\u00fcsseldorf konkretisiert Anforderungen an E-Mail-Sicherheit\",\"breadcrumb\":{\"@id\":\"https:\\\/\\\/www.iitr.de\\\/blog\\\/transportverschluesselung-genuegt-vg-duesseldorf-konkretisiert-anforderungen-an-e-mail-sicherheit\\\/22970\\\/#breadcrumb\"},\"inLanguage\":\"de\",\"potentialAction\":[{\"@type\":\"ReadAction\",\"target\":[\"https:\\\/\\\/www.iitr.de\\\/blog\\\/transportverschluesselung-genuegt-vg-duesseldorf-konkretisiert-anforderungen-an-e-mail-sicherheit\\\/22970\\\/\"]}]},{\"@type\":\"BreadcrumbList\",\"@id\":\"https:\\\/\\\/www.iitr.de\\\/blog\\\/transportverschluesselung-genuegt-vg-duesseldorf-konkretisiert-anforderungen-an-e-mail-sicherheit\\\/22970\\\/#breadcrumb\",\"itemListElement\":[{\"@type\":\"ListItem\",\"position\":1,\"name\":\"Startseite\",\"item\":\"https:\\\/\\\/www.iitr.de\\\/blog\\\/\"},{\"@type\":\"ListItem\",\"position\":2,\"name\":\"Transportverschl\u00fcsselung gen\u00fcgt: VG D\u00fcsseldorf konkretisiert Anforderungen an E-Mail-Sicherheit\"}]},{\"@type\":\"WebSite\",\"@id\":\"https:\\\/\\\/www.iitr.de\\\/blog\\\/#website\",\"url\":\"https:\\\/\\\/www.iitr.de\\\/blog\\\/\",\"name\":\"Das Datenschutz-Blog\",\"description\":\"IITR\",\"publisher\":{\"@id\":\"https:\\\/\\\/www.iitr.de\\\/blog\\\/#organization\"},\"potentialAction\":[{\"@type\":\"SearchAction\",\"target\":{\"@type\":\"EntryPoint\",\"urlTemplate\":\"https:\\\/\\\/www.iitr.de\\\/blog\\\/?s={search_term_string}\"},\"query-input\":{\"@type\":\"PropertyValueSpecification\",\"valueRequired\":true,\"valueName\":\"search_term_string\"}}],\"inLanguage\":\"de\"},{\"@type\":\"Organization\",\"@id\":\"https:\\\/\\\/www.iitr.de\\\/blog\\\/#organization\",\"name\":\"IITR Datenschutz GmbH\",\"url\":\"https:\\\/\\\/www.iitr.de\\\/blog\\\/\",\"logo\":{\"@type\":\"ImageObject\",\"inLanguage\":\"de\",\"@id\":\"https:\\\/\\\/www.iitr.de\\\/blog\\\/#\\\/schema\\\/logo\\\/image\\\/\",\"url\":\"https:\\\/\\\/www.iitr.de\\\/blog\\\/wp-content\\\/uploads\\\/2020\\\/09\\\/externer-datenschutzbeauftragter-iitr-gross.jpg\",\"contentUrl\":\"https:\\\/\\\/www.iitr.de\\\/blog\\\/wp-content\\\/uploads\\\/2020\\\/09\\\/externer-datenschutzbeauftragter-iitr-gross.jpg\",\"width\":294,\"height\":100,\"caption\":\"IITR Datenschutz GmbH\"},\"image\":{\"@id\":\"https:\\\/\\\/www.iitr.de\\\/blog\\\/#\\\/schema\\\/logo\\\/image\\\/\"},\"sameAs\":[\"https:\\\/\\\/x.com\\\/sebkraska\",\"https:\\\/\\\/www.youtube.com\\\/user\\\/datenschutzvideos\\\/\"]},{\"@type\":\"Person\",\"@id\":\"https:\\\/\\\/www.iitr.de\\\/blog\\\/#\\\/schema\\\/person\\\/91be9ec133511093716685adf24c73d5\",\"name\":\"Eva Herdegen\"}]}<\/script>\n<!-- \/ Yoast SEO plugin. -->","yoast_head_json":{"title":"Transportverschl\u00fcsselung gen\u00fcgt: VG D\u00fcsseldorf konkretisiert Anforderungen an E-Mail-Sicherheit - IITR","description":"Mit Urteil vom 2. April 2026 (Az. 29 K 7351\/23) hat das Verwaltungsgericht D\u00fcsseldorf zentrale Fragen zur datenschutzrechtlichen Absicherung von Transportverschl\u00fcsselung gen\u00fcgt: VG D\u00fcsseldorf konkretisiert Anforderungen an E-Mail-Sicherheit","robots":{"index":"index","follow":"follow","max-snippet":"max-snippet:-1","max-image-preview":"max-image-preview:large","max-video-preview":"max-video-preview:-1"},"canonical":"https:\/\/www.iitr.de\/blog\/transportverschluesselung-genuegt-vg-duesseldorf-konkretisiert-anforderungen-an-e-mail-sicherheit\/22970\/","og_locale":"de_DE","og_type":"article","og_title":"Transportverschl\u00fcsselung gen\u00fcgt: VG D\u00fcsseldorf konkretisiert Anforderungen an E-Mail-Sicherheit - IITR","og_description":"Mit Urteil vom 2. April 2026 (Az. 29 K 7351\/23) hat das Verwaltungsgericht D\u00fcsseldorf zentrale Fragen zur datenschutzrechtlichen Absicherung von Transportverschl\u00fcsselung gen\u00fcgt: VG D\u00fcsseldorf konkretisiert Anforderungen an E-Mail-Sicherheit","og_url":"https:\/\/www.iitr.de\/blog\/transportverschluesselung-genuegt-vg-duesseldorf-konkretisiert-anforderungen-an-e-mail-sicherheit\/22970\/","og_site_name":"Das Datenschutz-Blog","article_published_time":"2026-04-28T07:46:03+00:00","article_modified_time":"2026-04-29T07:49:04+00:00","author":"Eva Herdegen","twitter_card":"summary_large_image","twitter_creator":"@sebkraska","twitter_site":"@sebkraska","twitter_misc":{"Geschrieben von":"Eva Herdegen","Gesch\u00e4tzte Lesezeit":"4\u00a0Minuten"},"schema":{"@context":"https:\/\/schema.org","@graph":[{"@type":"Article","@id":"https:\/\/www.iitr.de\/blog\/transportverschluesselung-genuegt-vg-duesseldorf-konkretisiert-anforderungen-an-e-mail-sicherheit\/22970\/#article","isPartOf":{"@id":"https:\/\/www.iitr.de\/blog\/transportverschluesselung-genuegt-vg-duesseldorf-konkretisiert-anforderungen-an-e-mail-sicherheit\/22970\/"},"author":{"name":"Eva Herdegen","@id":"https:\/\/www.iitr.de\/blog\/#\/schema\/person\/91be9ec133511093716685adf24c73d5"},"headline":"Transportverschl\u00fcsselung gen\u00fcgt: VG D\u00fcsseldorf konkretisiert Anforderungen an E-Mail-Sicherheit","datePublished":"2026-04-28T07:46:03+00:00","dateModified":"2026-04-29T07:49:04+00:00","mainEntityOfPage":{"@id":"https:\/\/www.iitr.de\/blog\/transportverschluesselung-genuegt-vg-duesseldorf-konkretisiert-anforderungen-an-e-mail-sicherheit\/22970\/"},"wordCount":647,"publisher":{"@id":"https:\/\/www.iitr.de\/blog\/#organization"},"keywords":["datenschutz","DSGVO","Email","IT-Sicherheit","Transportverschl\u00fcsselung","urteil","Verwaltungsgericht"],"articleSection":["Datenschutz-News"],"inLanguage":"de"},{"@type":"WebPage","@id":"https:\/\/www.iitr.de\/blog\/transportverschluesselung-genuegt-vg-duesseldorf-konkretisiert-anforderungen-an-e-mail-sicherheit\/22970\/","url":"https:\/\/www.iitr.de\/blog\/transportverschluesselung-genuegt-vg-duesseldorf-konkretisiert-anforderungen-an-e-mail-sicherheit\/22970\/","name":"Transportverschl\u00fcsselung gen\u00fcgt: VG D\u00fcsseldorf konkretisiert Anforderungen an E-Mail-Sicherheit - IITR","isPartOf":{"@id":"https:\/\/www.iitr.de\/blog\/#website"},"datePublished":"2026-04-28T07:46:03+00:00","dateModified":"2026-04-29T07:49:04+00:00","description":"Mit Urteil vom 2. April 2026 (Az. 29 K 7351\/23) hat das Verwaltungsgericht D\u00fcsseldorf zentrale Fragen zur datenschutzrechtlichen Absicherung von Transportverschl\u00fcsselung gen\u00fcgt: VG D\u00fcsseldorf konkretisiert Anforderungen an E-Mail-Sicherheit","breadcrumb":{"@id":"https:\/\/www.iitr.de\/blog\/transportverschluesselung-genuegt-vg-duesseldorf-konkretisiert-anforderungen-an-e-mail-sicherheit\/22970\/#breadcrumb"},"inLanguage":"de","potentialAction":[{"@type":"ReadAction","target":["https:\/\/www.iitr.de\/blog\/transportverschluesselung-genuegt-vg-duesseldorf-konkretisiert-anforderungen-an-e-mail-sicherheit\/22970\/"]}]},{"@type":"BreadcrumbList","@id":"https:\/\/www.iitr.de\/blog\/transportverschluesselung-genuegt-vg-duesseldorf-konkretisiert-anforderungen-an-e-mail-sicherheit\/22970\/#breadcrumb","itemListElement":[{"@type":"ListItem","position":1,"name":"Startseite","item":"https:\/\/www.iitr.de\/blog\/"},{"@type":"ListItem","position":2,"name":"Transportverschl\u00fcsselung gen\u00fcgt: VG D\u00fcsseldorf konkretisiert Anforderungen an E-Mail-Sicherheit"}]},{"@type":"WebSite","@id":"https:\/\/www.iitr.de\/blog\/#website","url":"https:\/\/www.iitr.de\/blog\/","name":"Das Datenschutz-Blog","description":"IITR","publisher":{"@id":"https:\/\/www.iitr.de\/blog\/#organization"},"potentialAction":[{"@type":"SearchAction","target":{"@type":"EntryPoint","urlTemplate":"https:\/\/www.iitr.de\/blog\/?s={search_term_string}"},"query-input":{"@type":"PropertyValueSpecification","valueRequired":true,"valueName":"search_term_string"}}],"inLanguage":"de"},{"@type":"Organization","@id":"https:\/\/www.iitr.de\/blog\/#organization","name":"IITR Datenschutz GmbH","url":"https:\/\/www.iitr.de\/blog\/","logo":{"@type":"ImageObject","inLanguage":"de","@id":"https:\/\/www.iitr.de\/blog\/#\/schema\/logo\/image\/","url":"https:\/\/www.iitr.de\/blog\/wp-content\/uploads\/2020\/09\/externer-datenschutzbeauftragter-iitr-gross.jpg","contentUrl":"https:\/\/www.iitr.de\/blog\/wp-content\/uploads\/2020\/09\/externer-datenschutzbeauftragter-iitr-gross.jpg","width":294,"height":100,"caption":"IITR Datenschutz GmbH"},"image":{"@id":"https:\/\/www.iitr.de\/blog\/#\/schema\/logo\/image\/"},"sameAs":["https:\/\/x.com\/sebkraska","https:\/\/www.youtube.com\/user\/datenschutzvideos\/"]},{"@type":"Person","@id":"https:\/\/www.iitr.de\/blog\/#\/schema\/person\/91be9ec133511093716685adf24c73d5","name":"Eva Herdegen"}]}},"_links":{"self":[{"href":"https:\/\/www.iitr.de\/blog\/wp-json\/wp\/v2\/posts\/22970","targetHints":{"allow":["GET"]}}],"collection":[{"href":"https:\/\/www.iitr.de\/blog\/wp-json\/wp\/v2\/posts"}],"about":[{"href":"https:\/\/www.iitr.de\/blog\/wp-json\/wp\/v2\/types\/post"}],"author":[{"embeddable":true,"href":"https:\/\/www.iitr.de\/blog\/wp-json\/wp\/v2\/users\/31"}],"replies":[{"embeddable":true,"href":"https:\/\/www.iitr.de\/blog\/wp-json\/wp\/v2\/comments?post=22970"}],"version-history":[{"count":3,"href":"https:\/\/www.iitr.de\/blog\/wp-json\/wp\/v2\/posts\/22970\/revisions"}],"predecessor-version":[{"id":22978,"href":"https:\/\/www.iitr.de\/blog\/wp-json\/wp\/v2\/posts\/22970\/revisions\/22978"}],"wp:attachment":[{"href":"https:\/\/www.iitr.de\/blog\/wp-json\/wp\/v2\/media?parent=22970"}],"wp:term":[{"taxonomy":"category","embeddable":true,"href":"https:\/\/www.iitr.de\/blog\/wp-json\/wp\/v2\/categories?post=22970"},{"taxonomy":"post_tag","embeddable":true,"href":"https:\/\/www.iitr.de\/blog\/wp-json\/wp\/v2\/tags?post=22970"}],"curies":[{"name":"wp","href":"https:\/\/api.w.org\/{rel}","templated":true}]}}