{"id":22930,"date":"2026-03-11T11:11:38","date_gmt":"2026-03-11T10:11:38","guid":{"rendered":"https:\/\/www.iitr.de\/blog\/?p=22930"},"modified":"2026-03-11T11:11:43","modified_gmt":"2026-03-11T10:11:43","slug":"erweiterung-ihres-datenschutz-kits-upgrade-auf-das-datenschutz-kit-aktiv","status":"publish","type":"post","link":"https:\/\/www.iitr.de\/blog\/erweiterung-ihres-datenschutz-kits-upgrade-auf-das-datenschutz-kit-aktiv\/22930\/","title":{"rendered":"Erweiterung Ihres Datenschutz-Kits \u2013 Upgrade auf das Datenschutz-Kit Aktiv"},"content":{"rendered":"<p>Das Datenschutz-Kit Basis unterst\u00fctzt kleine und mittelgro\u00dfe Unternehmen bereits dabei, zentrale Anforderungen des Datenschutzes effizient umzusetzen. F\u00fcr Unternehmen, die ihre Datenschutz-Strukturen weiter ausbauen m\u00f6chten, besteht nun eine attraktive Upgrade-M\u00f6glichkeit: <strong>der Wechsel vom Datenschutz-Kit Basis zum Datenschutz-Kit Aktiv<\/strong>.<\/p>\n<p>F\u00fcr nur 300,- Euro Aufpreis (netto\/Jahr) erhalten unsere Kunden:<\/p>\n<ul>\n<li style=\"list-style-type: none;\">\n<ul>\n<li>Zugriff auf <strong>\u00fcber 50 <\/strong><a href=\"https:\/\/www.iitr.de\/produkte-services\/datenschutz-schulung\"><strong>eLearning<\/strong><\/a><strong>-Module<\/strong> zu Datenschutz, <strong>K\u00fcnstliche Intelligenz<\/strong>, Compliance, Informationssicherheit und Arbeitssicherheit<\/li>\n<\/ul>\n<\/li>\n<\/ul>\n<ul>\n<li style=\"list-style-type: none;\">\n<ul>\n<li>Seminar <strong>\u201e<\/strong><a href=\"https:\/\/www.iitr.de\/produkte-services\/datenschutzkoordinator\"><strong>Datenschutz-Koordinator<\/strong><\/a><strong>\u201c<\/strong> \u2013 integriert in Ihre Datenschutz-Kit-Plattform.<\/li>\n<\/ul>\n<\/li>\n<\/ul>\n<p>Das Upgrade l\u00e4sst sich unkompliziert aktivieren: Sie k\u00f6nnen uns einfach eine kurze E-Mail an <a href=\"mailto:email@iitr.de\" target=\"_blank\" rel=\"noopener\">email@iitr.de<\/a> senden. Mit Rechnungsstellung werden die zus\u00e4tzlichen Funktionen freigeschaltet.<\/p>\n","protected":false},"excerpt":{"rendered":"<p>Das Datenschutz-Kit Basis unterst\u00fctzt kleine und mittelgro\u00dfe Unternehmen bereits dabei, zentrale Anforderungen des Datenschutzes effizient umzusetzen. F\u00fcr Unternehmen, die ihre Datenschutz-Strukturen weiter ausbauen m\u00f6chten, besteht nun eine attraktive Upgrade-M\u00f6glichkeit: der Wechsel vom Datenschutz-Kit Basis zum Datenschutz-Kit Aktiv. F\u00fcr nur 300,- Euro Aufpreis (netto\/Jahr) erhalten unsere Kunden: Zugriff auf \u00fcber 50 eLearning-Module zu Datenschutz, K\u00fcnstliche Intelligenz, &hellip; <a href=\"https:\/\/www.iitr.de\/blog\/erweiterung-ihres-datenschutz-kits-upgrade-auf-das-datenschutz-kit-aktiv\/22930\/\" class=\"more-link\"><span class=\"screen-reader-text\">Erweiterung Ihres Datenschutz-Kits \u2013 Upgrade auf das Datenschutz-Kit Aktiv<\/span> weiterlesen<\/a><\/p>\n","protected":false},"author":14,"featured_media":0,"comment_status":"closed","ping_status":"open","sticky":false,"template":"","format":"standard","meta":{"_acf_changed":false,"footnotes":""},"categories":[5,3],"tags":[16,1885,5321,3752],"class_list":["post-22930","post","type-post","status-publish","format-standard","hentry","category-praxis","category-news","tag-datenschutz","tag-datenschutz-kit","tag-datenschutz-kit-aktiv","tag-dsgvo"],"acf":[],"yoast_head":"<!-- This site is optimized with the Yoast SEO plugin v27.5 - https:\/\/yoast.com\/product\/yoast-seo-wordpress\/ -->\n<title>Erweiterung Ihres Datenschutz-Kits \u2013 Upgrade auf das Datenschutz-Kit Aktiv - IITR<\/title>\n<meta name=\"description\" content=\"Das Datenschutz-Kit Basis unterst\u00fctzt kleine und mittelgro\u00dfe Unternehmen bereits dabei, zentrale Anforderungen des Datenschutzes effizient umzusetzen. F\u00fcr Erweiterung Ihres Datenschutz-Kits \u2013 Upgrade auf das Datenschutz-Kit Aktiv\" \/>\n<meta name=\"robots\" content=\"index, follow, max-snippet:-1, max-image-preview:large, max-video-preview:-1\" \/>\n<link rel=\"canonical\" href=\"https:\/\/www.iitr.de\/blog\/erweiterung-ihres-datenschutz-kits-upgrade-auf-das-datenschutz-kit-aktiv\/22930\/\" \/>\n<meta property=\"og:locale\" content=\"de_DE\" \/>\n<meta property=\"og:type\" content=\"article\" \/>\n<meta property=\"og:title\" content=\"Erweiterung Ihres Datenschutz-Kits \u2013 Upgrade auf das Datenschutz-Kit Aktiv - IITR\" \/>\n<meta property=\"og:description\" content=\"Das Datenschutz-Kit Basis unterst\u00fctzt kleine und mittelgro\u00dfe Unternehmen bereits dabei, zentrale Anforderungen des Datenschutzes effizient umzusetzen. F\u00fcr Erweiterung Ihres Datenschutz-Kits \u2013 Upgrade auf das Datenschutz-Kit Aktiv\" \/>\n<meta property=\"og:url\" content=\"https:\/\/www.iitr.de\/blog\/erweiterung-ihres-datenschutz-kits-upgrade-auf-das-datenschutz-kit-aktiv\/22930\/\" \/>\n<meta property=\"og:site_name\" content=\"Das Datenschutz-Blog\" \/>\n<meta property=\"article:published_time\" content=\"2026-03-11T10:11:38+00:00\" \/>\n<meta property=\"article:modified_time\" content=\"2026-03-11T10:11:43+00:00\" \/>\n<meta name=\"author\" content=\"Sebastian Kraska\" \/>\n<meta name=\"twitter:card\" content=\"summary_large_image\" \/>\n<meta name=\"twitter:creator\" content=\"@sebkraska\" \/>\n<meta name=\"twitter:site\" content=\"@sebkraska\" \/>\n<meta name=\"twitter:label1\" content=\"Geschrieben von\" \/>\n\t<meta name=\"twitter:data1\" content=\"Sebastian Kraska\" \/>\n\t<meta name=\"twitter:label2\" content=\"Gesch\u00e4tzte Lesezeit\" \/>\n\t<meta name=\"twitter:data2\" content=\"1\u00a0Minute\" \/>\n<script type=\"application\/ld+json\" class=\"yoast-schema-graph\">{\"@context\":\"https:\\\/\\\/schema.org\",\"@graph\":[{\"@type\":\"Article\",\"@id\":\"https:\\\/\\\/www.iitr.de\\\/blog\\\/erweiterung-ihres-datenschutz-kits-upgrade-auf-das-datenschutz-kit-aktiv\\\/22930\\\/#article\",\"isPartOf\":{\"@id\":\"https:\\\/\\\/www.iitr.de\\\/blog\\\/erweiterung-ihres-datenschutz-kits-upgrade-auf-das-datenschutz-kit-aktiv\\\/22930\\\/\"},\"author\":{\"name\":\"Sebastian Kraska\",\"@id\":\"https:\\\/\\\/www.iitr.de\\\/blog\\\/#\\\/schema\\\/person\\\/632d8781fda6b4fe5a5196f8dff9a01e\"},\"headline\":\"Erweiterung Ihres Datenschutz-Kits \u2013 Upgrade auf das Datenschutz-Kit Aktiv\",\"datePublished\":\"2026-03-11T10:11:38+00:00\",\"dateModified\":\"2026-03-11T10:11:43+00:00\",\"mainEntityOfPage\":{\"@id\":\"https:\\\/\\\/www.iitr.de\\\/blog\\\/erweiterung-ihres-datenschutz-kits-upgrade-auf-das-datenschutz-kit-aktiv\\\/22930\\\/\"},\"wordCount\":109,\"publisher\":{\"@id\":\"https:\\\/\\\/www.iitr.de\\\/blog\\\/#organization\"},\"keywords\":[\"datenschutz\",\"Datenschutz-Kit\",\"Datenschutz-Kit Aktiv\",\"DSGVO\"],\"articleSection\":[\"Datenschutz umsetzen in der Praxis\",\"Datenschutz-News\"],\"inLanguage\":\"de\"},{\"@type\":\"WebPage\",\"@id\":\"https:\\\/\\\/www.iitr.de\\\/blog\\\/erweiterung-ihres-datenschutz-kits-upgrade-auf-das-datenschutz-kit-aktiv\\\/22930\\\/\",\"url\":\"https:\\\/\\\/www.iitr.de\\\/blog\\\/erweiterung-ihres-datenschutz-kits-upgrade-auf-das-datenschutz-kit-aktiv\\\/22930\\\/\",\"name\":\"Erweiterung Ihres Datenschutz-Kits \u2013 Upgrade auf das Datenschutz-Kit Aktiv - IITR\",\"isPartOf\":{\"@id\":\"https:\\\/\\\/www.iitr.de\\\/blog\\\/#website\"},\"datePublished\":\"2026-03-11T10:11:38+00:00\",\"dateModified\":\"2026-03-11T10:11:43+00:00\",\"description\":\"Das Datenschutz-Kit Basis unterst\u00fctzt kleine und mittelgro\u00dfe Unternehmen bereits dabei, zentrale Anforderungen des Datenschutzes effizient umzusetzen. F\u00fcr Erweiterung Ihres Datenschutz-Kits \u2013 Upgrade auf das Datenschutz-Kit Aktiv\",\"breadcrumb\":{\"@id\":\"https:\\\/\\\/www.iitr.de\\\/blog\\\/erweiterung-ihres-datenschutz-kits-upgrade-auf-das-datenschutz-kit-aktiv\\\/22930\\\/#breadcrumb\"},\"inLanguage\":\"de\",\"potentialAction\":[{\"@type\":\"ReadAction\",\"target\":[\"https:\\\/\\\/www.iitr.de\\\/blog\\\/erweiterung-ihres-datenschutz-kits-upgrade-auf-das-datenschutz-kit-aktiv\\\/22930\\\/\"]}]},{\"@type\":\"BreadcrumbList\",\"@id\":\"https:\\\/\\\/www.iitr.de\\\/blog\\\/erweiterung-ihres-datenschutz-kits-upgrade-auf-das-datenschutz-kit-aktiv\\\/22930\\\/#breadcrumb\",\"itemListElement\":[{\"@type\":\"ListItem\",\"position\":1,\"name\":\"Startseite\",\"item\":\"https:\\\/\\\/www.iitr.de\\\/blog\\\/\"},{\"@type\":\"ListItem\",\"position\":2,\"name\":\"Erweiterung Ihres Datenschutz-Kits \u2013 Upgrade auf das Datenschutz-Kit Aktiv\"}]},{\"@type\":\"WebSite\",\"@id\":\"https:\\\/\\\/www.iitr.de\\\/blog\\\/#website\",\"url\":\"https:\\\/\\\/www.iitr.de\\\/blog\\\/\",\"name\":\"Das Datenschutz-Blog\",\"description\":\"IITR\",\"publisher\":{\"@id\":\"https:\\\/\\\/www.iitr.de\\\/blog\\\/#organization\"},\"potentialAction\":[{\"@type\":\"SearchAction\",\"target\":{\"@type\":\"EntryPoint\",\"urlTemplate\":\"https:\\\/\\\/www.iitr.de\\\/blog\\\/?s={search_term_string}\"},\"query-input\":{\"@type\":\"PropertyValueSpecification\",\"valueRequired\":true,\"valueName\":\"search_term_string\"}}],\"inLanguage\":\"de\"},{\"@type\":\"Organization\",\"@id\":\"https:\\\/\\\/www.iitr.de\\\/blog\\\/#organization\",\"name\":\"IITR Datenschutz GmbH\",\"url\":\"https:\\\/\\\/www.iitr.de\\\/blog\\\/\",\"logo\":{\"@type\":\"ImageObject\",\"inLanguage\":\"de\",\"@id\":\"https:\\\/\\\/www.iitr.de\\\/blog\\\/#\\\/schema\\\/logo\\\/image\\\/\",\"url\":\"https:\\\/\\\/www.iitr.de\\\/blog\\\/wp-content\\\/uploads\\\/2020\\\/09\\\/externer-datenschutzbeauftragter-iitr-gross.jpg\",\"contentUrl\":\"https:\\\/\\\/www.iitr.de\\\/blog\\\/wp-content\\\/uploads\\\/2020\\\/09\\\/externer-datenschutzbeauftragter-iitr-gross.jpg\",\"width\":294,\"height\":100,\"caption\":\"IITR Datenschutz GmbH\"},\"image\":{\"@id\":\"https:\\\/\\\/www.iitr.de\\\/blog\\\/#\\\/schema\\\/logo\\\/image\\\/\"},\"sameAs\":[\"https:\\\/\\\/x.com\\\/sebkraska\",\"https:\\\/\\\/www.youtube.com\\\/user\\\/datenschutzvideos\\\/\"]},{\"@type\":\"Person\",\"@id\":\"https:\\\/\\\/www.iitr.de\\\/blog\\\/#\\\/schema\\\/person\\\/632d8781fda6b4fe5a5196f8dff9a01e\",\"name\":\"Sebastian Kraska\"}]}<\/script>\n<!-- \/ Yoast SEO plugin. -->","yoast_head_json":{"title":"Erweiterung Ihres Datenschutz-Kits \u2013 Upgrade auf das Datenschutz-Kit Aktiv - IITR","description":"Das Datenschutz-Kit Basis unterst\u00fctzt kleine und mittelgro\u00dfe Unternehmen bereits dabei, zentrale Anforderungen des Datenschutzes effizient umzusetzen. F\u00fcr Erweiterung Ihres Datenschutz-Kits \u2013 Upgrade auf das Datenschutz-Kit Aktiv","robots":{"index":"index","follow":"follow","max-snippet":"max-snippet:-1","max-image-preview":"max-image-preview:large","max-video-preview":"max-video-preview:-1"},"canonical":"https:\/\/www.iitr.de\/blog\/erweiterung-ihres-datenschutz-kits-upgrade-auf-das-datenschutz-kit-aktiv\/22930\/","og_locale":"de_DE","og_type":"article","og_title":"Erweiterung Ihres Datenschutz-Kits \u2013 Upgrade auf das Datenschutz-Kit Aktiv - IITR","og_description":"Das Datenschutz-Kit Basis unterst\u00fctzt kleine und mittelgro\u00dfe Unternehmen bereits dabei, zentrale Anforderungen des Datenschutzes effizient umzusetzen. F\u00fcr Erweiterung Ihres Datenschutz-Kits \u2013 Upgrade auf das Datenschutz-Kit Aktiv","og_url":"https:\/\/www.iitr.de\/blog\/erweiterung-ihres-datenschutz-kits-upgrade-auf-das-datenschutz-kit-aktiv\/22930\/","og_site_name":"Das Datenschutz-Blog","article_published_time":"2026-03-11T10:11:38+00:00","article_modified_time":"2026-03-11T10:11:43+00:00","author":"Sebastian Kraska","twitter_card":"summary_large_image","twitter_creator":"@sebkraska","twitter_site":"@sebkraska","twitter_misc":{"Geschrieben von":"Sebastian Kraska","Gesch\u00e4tzte Lesezeit":"1\u00a0Minute"},"schema":{"@context":"https:\/\/schema.org","@graph":[{"@type":"Article","@id":"https:\/\/www.iitr.de\/blog\/erweiterung-ihres-datenschutz-kits-upgrade-auf-das-datenschutz-kit-aktiv\/22930\/#article","isPartOf":{"@id":"https:\/\/www.iitr.de\/blog\/erweiterung-ihres-datenschutz-kits-upgrade-auf-das-datenschutz-kit-aktiv\/22930\/"},"author":{"name":"Sebastian Kraska","@id":"https:\/\/www.iitr.de\/blog\/#\/schema\/person\/632d8781fda6b4fe5a5196f8dff9a01e"},"headline":"Erweiterung Ihres Datenschutz-Kits \u2013 Upgrade auf das Datenschutz-Kit Aktiv","datePublished":"2026-03-11T10:11:38+00:00","dateModified":"2026-03-11T10:11:43+00:00","mainEntityOfPage":{"@id":"https:\/\/www.iitr.de\/blog\/erweiterung-ihres-datenschutz-kits-upgrade-auf-das-datenschutz-kit-aktiv\/22930\/"},"wordCount":109,"publisher":{"@id":"https:\/\/www.iitr.de\/blog\/#organization"},"keywords":["datenschutz","Datenschutz-Kit","Datenschutz-Kit Aktiv","DSGVO"],"articleSection":["Datenschutz umsetzen in der Praxis","Datenschutz-News"],"inLanguage":"de"},{"@type":"WebPage","@id":"https:\/\/www.iitr.de\/blog\/erweiterung-ihres-datenschutz-kits-upgrade-auf-das-datenschutz-kit-aktiv\/22930\/","url":"https:\/\/www.iitr.de\/blog\/erweiterung-ihres-datenschutz-kits-upgrade-auf-das-datenschutz-kit-aktiv\/22930\/","name":"Erweiterung Ihres Datenschutz-Kits \u2013 Upgrade auf das Datenschutz-Kit Aktiv - IITR","isPartOf":{"@id":"https:\/\/www.iitr.de\/blog\/#website"},"datePublished":"2026-03-11T10:11:38+00:00","dateModified":"2026-03-11T10:11:43+00:00","description":"Das Datenschutz-Kit Basis unterst\u00fctzt kleine und mittelgro\u00dfe Unternehmen bereits dabei, zentrale Anforderungen des Datenschutzes effizient umzusetzen. F\u00fcr Erweiterung Ihres Datenschutz-Kits \u2013 Upgrade auf das Datenschutz-Kit Aktiv","breadcrumb":{"@id":"https:\/\/www.iitr.de\/blog\/erweiterung-ihres-datenschutz-kits-upgrade-auf-das-datenschutz-kit-aktiv\/22930\/#breadcrumb"},"inLanguage":"de","potentialAction":[{"@type":"ReadAction","target":["https:\/\/www.iitr.de\/blog\/erweiterung-ihres-datenschutz-kits-upgrade-auf-das-datenschutz-kit-aktiv\/22930\/"]}]},{"@type":"BreadcrumbList","@id":"https:\/\/www.iitr.de\/blog\/erweiterung-ihres-datenschutz-kits-upgrade-auf-das-datenschutz-kit-aktiv\/22930\/#breadcrumb","itemListElement":[{"@type":"ListItem","position":1,"name":"Startseite","item":"https:\/\/www.iitr.de\/blog\/"},{"@type":"ListItem","position":2,"name":"Erweiterung Ihres Datenschutz-Kits \u2013 Upgrade auf das Datenschutz-Kit Aktiv"}]},{"@type":"WebSite","@id":"https:\/\/www.iitr.de\/blog\/#website","url":"https:\/\/www.iitr.de\/blog\/","name":"Das Datenschutz-Blog","description":"IITR","publisher":{"@id":"https:\/\/www.iitr.de\/blog\/#organization"},"potentialAction":[{"@type":"SearchAction","target":{"@type":"EntryPoint","urlTemplate":"https:\/\/www.iitr.de\/blog\/?s={search_term_string}"},"query-input":{"@type":"PropertyValueSpecification","valueRequired":true,"valueName":"search_term_string"}}],"inLanguage":"de"},{"@type":"Organization","@id":"https:\/\/www.iitr.de\/blog\/#organization","name":"IITR Datenschutz GmbH","url":"https:\/\/www.iitr.de\/blog\/","logo":{"@type":"ImageObject","inLanguage":"de","@id":"https:\/\/www.iitr.de\/blog\/#\/schema\/logo\/image\/","url":"https:\/\/www.iitr.de\/blog\/wp-content\/uploads\/2020\/09\/externer-datenschutzbeauftragter-iitr-gross.jpg","contentUrl":"https:\/\/www.iitr.de\/blog\/wp-content\/uploads\/2020\/09\/externer-datenschutzbeauftragter-iitr-gross.jpg","width":294,"height":100,"caption":"IITR Datenschutz GmbH"},"image":{"@id":"https:\/\/www.iitr.de\/blog\/#\/schema\/logo\/image\/"},"sameAs":["https:\/\/x.com\/sebkraska","https:\/\/www.youtube.com\/user\/datenschutzvideos\/"]},{"@type":"Person","@id":"https:\/\/www.iitr.de\/blog\/#\/schema\/person\/632d8781fda6b4fe5a5196f8dff9a01e","name":"Sebastian Kraska"}]}},"_links":{"self":[{"href":"https:\/\/www.iitr.de\/blog\/wp-json\/wp\/v2\/posts\/22930","targetHints":{"allow":["GET"]}}],"collection":[{"href":"https:\/\/www.iitr.de\/blog\/wp-json\/wp\/v2\/posts"}],"about":[{"href":"https:\/\/www.iitr.de\/blog\/wp-json\/wp\/v2\/types\/post"}],"author":[{"embeddable":true,"href":"https:\/\/www.iitr.de\/blog\/wp-json\/wp\/v2\/users\/14"}],"replies":[{"embeddable":true,"href":"https:\/\/www.iitr.de\/blog\/wp-json\/wp\/v2\/comments?post=22930"}],"version-history":[{"count":2,"href":"https:\/\/www.iitr.de\/blog\/wp-json\/wp\/v2\/posts\/22930\/revisions"}],"predecessor-version":[{"id":22932,"href":"https:\/\/www.iitr.de\/blog\/wp-json\/wp\/v2\/posts\/22930\/revisions\/22932"}],"wp:attachment":[{"href":"https:\/\/www.iitr.de\/blog\/wp-json\/wp\/v2\/media?parent=22930"}],"wp:term":[{"taxonomy":"category","embeddable":true,"href":"https:\/\/www.iitr.de\/blog\/wp-json\/wp\/v2\/categories?post=22930"},{"taxonomy":"post_tag","embeddable":true,"href":"https:\/\/www.iitr.de\/blog\/wp-json\/wp\/v2\/tags?post=22930"}],"curies":[{"name":"wp","href":"https:\/\/api.w.org\/{rel}","templated":true}]}}