{"id":22926,"date":"2026-03-09T09:00:51","date_gmt":"2026-03-09T08:00:51","guid":{"rendered":"https:\/\/www.iitr.de\/blog\/?p=22926"},"modified":"2026-03-24T13:08:45","modified_gmt":"2026-03-24T12:08:45","slug":"umsetzung-des-rechts-auf-loeschung-ergebnisse-der-edpb-koordinierten-durchsetzungsaktion-2025","status":"publish","type":"post","link":"https:\/\/www.iitr.de\/blog\/umsetzung-des-rechts-auf-loeschung-ergebnisse-der-edpb-koordinierten-durchsetzungsaktion-2025\/22926\/","title":{"rendered":"Umsetzung des Rechts auf L\u00f6schung: Ergebnisse der EDPB-Koordinierten Durchsetzungsaktion 2025"},"content":{"rendered":"<p>Der Europ\u00e4ische Datenschutzausschuss (EDPB) hat im Februar 2026 den Abschlussbericht zur koordinierten Durchsetzungsaktion (Coordinated Enforcement Framework, CEF) 2025 ver\u00f6ffentlicht. Gegenstand der europaweiten \u00dcberpr\u00fcfung war die praktische Anwendung des Rechts auf L\u00f6schung gem\u00e4\u00df Art. 17 DS-GVO. An der koordinierten Ma\u00dfnahme beteiligten sich 32 Datenschutzaufsichtsbeh\u00f6rden des Europ\u00e4ischen Wirtschaftsraums. Insgesamt wurden 764 Verantwortliche aus verschiedenen Wirtschaftssektoren einer strukturierten Pr\u00fcfung unterzogen bzw. mittels einheitlicher Frageb\u00f6gen befragt.<\/p>\n<p><u>Hintergrund des Pr\u00fcfungsprojekts:<\/u><\/p>\n<p>Art. 17 DS-GVO normiert unter bestimmten tatbestandlichen Voraussetzungen einen Anspruch betroffener Personen auf L\u00f6schung ihrer personenbezogenen Daten. Der L\u00f6schungsanspruch greift insbesondere dann, wenn die Daten f\u00fcr die Zwecke, f\u00fcr die sie erhoben oder auf sonstige Weise verarbeitet wurden, nicht mehr erforderlich sind, eine Einwilligung widerrufen wurde oder die Verarbeitung unrechtm\u00e4\u00dfig erfolgt. Der Anspruch steht jedoch unter dem Vorbehalt der in Art. 17 Abs. 3 DS-GVO geregelten Ausnahmen. Diese betreffen unter anderem die Erf\u00fcllung rechtlicher Verpflichtungen, die Wahrnehmung einer Aufgabe im \u00f6ffentlichen Interesse sowie die Geltendmachung, Aus\u00fcbung oder Verteidigung von Rechtsanspr\u00fcchen.<\/p>\n<p>Der EDPB hat das Recht auf L\u00f6schung als Pr\u00fcfungsgegenstand ausgew\u00e4hlt, da es unionsweit zu den am h\u00e4ufigsten geltend gemachten Betroffenenrechten z\u00e4hlt und regelm\u00e4\u00dfig Gegenstand von Beschwerdeverfahren bei den Aufsichtsbeh\u00f6rden ist. Ziel der koordinierten Durchsetzungsaktion war es, eine vergleichbare Tatsachengrundlage zur Umsetzungspraxis in den Mitgliedstaaten zu schaffen, strukturelle Defizite zu identifizieren und etwaigen Harmonisierungsbedarf aufzuzeigen.<\/p>\n<p><u>Methodisches Vorgehen:<\/u><\/p>\n<p>Die teilnehmenden Aufsichtsbeh\u00f6rden verwendeten einen abgestimmten Fragenkatalog, der insbesondere auf organisatorische und technische Ma\u00dfnahmen zur Bearbeitung von L\u00f6schantr\u00e4gen abstellte. Gegenstand der Erhebung waren unter anderem interne Zust\u00e4ndigkeitsregelungen, Verfahrensabl\u00e4ufe, Dokumentationsmechanismen sowie die Einbindung von IT-Systemen in L\u00f6schprozesse. In einzelnen F\u00e4llen wurden vertiefte Pr\u00fcfma\u00dfnahmen durchgef\u00fchrt. Die gewonnenen Erkenntnisse wurden zentral konsolidiert und im Abschlussbericht systematisch ausgewertet. Ein erg\u00e4nzender Annex enth\u00e4lt weitergehende Informationen zu nationalen Besonderheiten und konkreten Pr\u00fcfungsfeststellungen.<\/p>\n<p><u>Festgestellte Umsetzungspraxis:<\/u><\/p>\n<p>Die Auswertung zeigt ein differenziertes Gesamtbild. W\u00e4hrend ein Teil der gepr\u00fcften Verantwortlichen \u00fcber formal etablierte und dokumentierte Verfahren zur Bearbeitung von L\u00f6schersuchen verf\u00fcgt, bestehen bei anderen Organisationen Defizite hinsichtlich der Standardisierung, internen Nachvollziehbarkeit und rechtlichen Bewertung einzelner Fallkonstellationen. Teilweise fehlt es an klaren Verfahrensanweisungen oder an einer konsistenten Protokollierung der Entscheidungsfindung.<\/p>\n<p>Unterschiede wurden ferner im Hinblick auf Schulungsma\u00dfnahmen und Sensibilisierung der mit Betroffenenanfragen befassten Mitarbeitenden festgestellt. Auch die Transparenzanforderungen gem\u00e4\u00df Art. 12 und 13 DS-GVO werden nicht durchgehend in einer Weise umgesetzt, die die Aus\u00fcbung des L\u00f6schungsrechts in rechtlicher und tats\u00e4chlicher Hinsicht erleichtert.<\/p>\n<p>Besondere praktische Herausforderungen zeigen sich bei der Anwendung der Ausnahmetatbest\u00e4nde des Art. 17 Abs. 3 DS-GVO, bei der Ausgestaltung und Umsetzung von L\u00f6sch- und Aufbewahrungskonzepten sowie beim Umgang mit Datensicherungen und Back-up-Systemen. Zudem wird im Bericht die Abgrenzung zwischen wirksamer Anonymisierung und blo\u00dfer Pseudonymisierung thematisiert, da hiervon ma\u00dfgeblich abh\u00e4ngt, ob personenbezogene Daten im Sinne der DS-GVO weiterhin vorliegen.<\/p>\n<p><u>Einordnung der Ergebnisse:<\/u><\/p>\n<p>Der EDPB bewertet den unionsweiten Stand der Umsetzung als insgesamt durchschnittlich, wobei signifikante Unterschiede in Abh\u00e4ngigkeit von Unternehmensgr\u00f6\u00dfe, organisatorischer Komplexit\u00e4t und Reifegrad des Datenschutzmanagements bestehen. Die Ergebnisse verdeutlichen, dass die formale Implementierung von L\u00f6schprozessen nicht zwingend mit einer materiell-rechtlich konsistenten Anwendung des Art. 17 DS-GVO einhergeht. Insbesondere bei der Pr\u00fcfung und Dokumentation von Ausnahmetatbest\u00e4nden zeigt sich ein erh\u00f6hter Konkretisierungsbedarf.<\/p>\n<p>Rechtssystematisch unterstreichen die Feststellungen die Bedeutung eines integrierten L\u00f6sch- und Aufbewahrungskonzepts, dass sowohl die Anforderungen aus Art. 5 Abs. 1 lit. e DS-GVO (Speicherbegrenzung) als auch die Rechenschaftspflicht gem\u00e4\u00df Art. 5 Abs. 2 DS-GVO ber\u00fccksichtigt. Die Bearbeitung von L\u00f6schantr\u00e4gen ist nicht isoliert zu betrachten, sondern steht in engem Zusammenhang mit Dateninventaren, Verzeichnissen von Verarbeitungst\u00e4tigkeiten nach Art. 30 DS-GVO sowie internen Kontroll- und Dokumentationsmechanismen.<\/p>\n<p>Zugleich verdeutlicht die koordinierte Durchsetzungsaktion die praktische Relevanz einer belastbaren Entscheidungsdokumentation. Da die Ablehnung eines L\u00f6schantrags regelm\u00e4\u00dfig einer rechtlichen Begr\u00fcndung bedarf und potenziell beschwerde- oder gerichtsrelevant ist, kommt der nachvollziehbaren Anwendung der gesetzlichen Ausnahmetatbest\u00e4nde erhebliche Bedeutung zu. Die Ergebnisse k\u00f6nnen daher als Indikator f\u00fcr eine verst\u00e4rkte Pr\u00fcfungspraxis der Aufsichtsbeh\u00f6rden im Bereich der Betroffenenrechte gewertet werden.<\/p>\n<p>Dar\u00fcber hinaus tragen die Feststellungen zur weiteren unionsweiten Harmonisierung der Aufsichtspraxis bei. Indem wiederkehrende Problemfelder identifiziert werden, schafft der Bericht eine Grundlage f\u00fcr konsistente Auslegung und Anwendung des Art. 17 DS-GVO im Rahmen des Koh\u00e4renzmechanismus nach Kapitel VII DS-GVO.<\/p>\n<p><u>Ausblick:<\/u><\/p>\n<p>Mit der koordinierten Durchsetzungsaktion 2025 liegt eine unionsweite Bestandsaufnahme zur praktischen Anwendung des Art. 17 DS-GVO vor. Die gewonnenen Erkenntnisse k\u00f6nnen Grundlage f\u00fcr weiterf\u00fchrende Leitlinien, Konkretisierungen oder koordinierte Aufsichtsma\u00dfnahmen auf europ\u00e4ischer und nationaler Ebene sein. F\u00fcr Verantwortliche ergibt sich hieraus insbesondere die Notwendigkeit, bestehende L\u00f6sch- und Aufbewahrungskonzepte auf ihre rechtliche Belastbarkeit, Dokumentationstiefe und technische Umsetzbarkeit hin zu \u00fcberpr\u00fcfen.<\/p>\n<p>Autor: Phillip Hetzschold<\/p>\n","protected":false},"excerpt":{"rendered":"<p>Der Europ\u00e4ische Datenschutzausschuss (EDPB) hat im Februar 2026 den Abschlussbericht zur koordinierten Durchsetzungsaktion (Coordinated Enforcement Framework, CEF) 2025 ver\u00f6ffentlicht. Gegenstand der europaweiten \u00dcberpr\u00fcfung war die praktische Anwendung des Rechts auf L\u00f6schung gem\u00e4\u00df Art. 17 DS-GVO. An der koordinierten Ma\u00dfnahme beteiligten sich 32 Datenschutzaufsichtsbeh\u00f6rden des Europ\u00e4ischen Wirtschaftsraums. Insgesamt wurden 764 Verantwortliche aus verschiedenen Wirtschaftssektoren einer strukturierten &hellip; <a href=\"https:\/\/www.iitr.de\/blog\/umsetzung-des-rechts-auf-loeschung-ergebnisse-der-edpb-koordinierten-durchsetzungsaktion-2025\/22926\/\" class=\"more-link\"><span class=\"screen-reader-text\">Umsetzung des Rechts auf L\u00f6schung: Ergebnisse der EDPB-Koordinierten Durchsetzungsaktion 2025<\/span> weiterlesen<\/a><\/p>\n","protected":false},"author":14,"featured_media":0,"comment_status":"closed","ping_status":"open","sticky":false,"template":"","format":"standard","meta":{"_acf_changed":false,"footnotes":""},"categories":[5,3],"tags":[16,3752,5320,5023,2462],"class_list":["post-22926","post","type-post","status-publish","format-standard","hentry","category-praxis","category-news","tag-datenschutz","tag-dsgvo","tag-durchsetzungsaktion","tag-edpb","tag-loschung"],"acf":[],"yoast_head":"<!-- This site is optimized with the Yoast SEO plugin v27.5 - https:\/\/yoast.com\/product\/yoast-seo-wordpress\/ -->\n<title>Umsetzung des Rechts auf L\u00f6schung: Ergebnisse der EDPB-Koordinierten Durchsetzungsaktion 2025 - IITR<\/title>\n<meta name=\"description\" content=\"Der Europ\u00e4ische Datenschutzausschuss (EDPB) hat im Februar 2026 den Abschlussbericht zur koordinierten Durchsetzungsaktion (Coordinated Enforcement Umsetzung des Rechts auf L\u00f6schung: Ergebnisse der EDPB-Koordinierten Durchsetzungsaktion 2025\" \/>\n<meta name=\"robots\" content=\"index, follow, max-snippet:-1, max-image-preview:large, max-video-preview:-1\" \/>\n<link rel=\"canonical\" href=\"https:\/\/www.iitr.de\/blog\/umsetzung-des-rechts-auf-loeschung-ergebnisse-der-edpb-koordinierten-durchsetzungsaktion-2025\/22926\/\" \/>\n<meta property=\"og:locale\" content=\"de_DE\" \/>\n<meta property=\"og:type\" content=\"article\" \/>\n<meta property=\"og:title\" content=\"Umsetzung des Rechts auf L\u00f6schung: Ergebnisse der EDPB-Koordinierten Durchsetzungsaktion 2025 - IITR\" \/>\n<meta property=\"og:description\" content=\"Der Europ\u00e4ische Datenschutzausschuss (EDPB) hat im Februar 2026 den Abschlussbericht zur koordinierten Durchsetzungsaktion (Coordinated Enforcement Umsetzung des Rechts auf L\u00f6schung: Ergebnisse der EDPB-Koordinierten Durchsetzungsaktion 2025\" \/>\n<meta property=\"og:url\" content=\"https:\/\/www.iitr.de\/blog\/umsetzung-des-rechts-auf-loeschung-ergebnisse-der-edpb-koordinierten-durchsetzungsaktion-2025\/22926\/\" \/>\n<meta property=\"og:site_name\" content=\"Das Datenschutz-Blog\" \/>\n<meta property=\"article:published_time\" content=\"2026-03-09T08:00:51+00:00\" \/>\n<meta property=\"article:modified_time\" content=\"2026-03-24T12:08:45+00:00\" \/>\n<meta name=\"author\" content=\"Sebastian Kraska\" \/>\n<meta name=\"twitter:card\" content=\"summary_large_image\" \/>\n<meta name=\"twitter:creator\" content=\"@sebkraska\" \/>\n<meta name=\"twitter:site\" content=\"@sebkraska\" \/>\n<meta name=\"twitter:label1\" content=\"Geschrieben von\" \/>\n\t<meta name=\"twitter:data1\" content=\"Sebastian Kraska\" \/>\n\t<meta name=\"twitter:label2\" content=\"Gesch\u00e4tzte Lesezeit\" \/>\n\t<meta name=\"twitter:data2\" content=\"4\u00a0Minuten\" \/>\n<script type=\"application\/ld+json\" class=\"yoast-schema-graph\">{\"@context\":\"https:\\\/\\\/schema.org\",\"@graph\":[{\"@type\":\"Article\",\"@id\":\"https:\\\/\\\/www.iitr.de\\\/blog\\\/umsetzung-des-rechts-auf-loeschung-ergebnisse-der-edpb-koordinierten-durchsetzungsaktion-2025\\\/22926\\\/#article\",\"isPartOf\":{\"@id\":\"https:\\\/\\\/www.iitr.de\\\/blog\\\/umsetzung-des-rechts-auf-loeschung-ergebnisse-der-edpb-koordinierten-durchsetzungsaktion-2025\\\/22926\\\/\"},\"author\":{\"name\":\"Sebastian Kraska\",\"@id\":\"https:\\\/\\\/www.iitr.de\\\/blog\\\/#\\\/schema\\\/person\\\/632d8781fda6b4fe5a5196f8dff9a01e\"},\"headline\":\"Umsetzung des Rechts auf L\u00f6schung: Ergebnisse der EDPB-Koordinierten Durchsetzungsaktion 2025\",\"datePublished\":\"2026-03-09T08:00:51+00:00\",\"dateModified\":\"2026-03-24T12:08:45+00:00\",\"mainEntityOfPage\":{\"@id\":\"https:\\\/\\\/www.iitr.de\\\/blog\\\/umsetzung-des-rechts-auf-loeschung-ergebnisse-der-edpb-koordinierten-durchsetzungsaktion-2025\\\/22926\\\/\"},\"wordCount\":784,\"publisher\":{\"@id\":\"https:\\\/\\\/www.iitr.de\\\/blog\\\/#organization\"},\"keywords\":[\"datenschutz\",\"DSGVO\",\"Durchsetzungsaktion\",\"EDPB\",\"L\u00f6schung\"],\"articleSection\":[\"Datenschutz umsetzen in der Praxis\",\"Datenschutz-News\"],\"inLanguage\":\"de\"},{\"@type\":\"WebPage\",\"@id\":\"https:\\\/\\\/www.iitr.de\\\/blog\\\/umsetzung-des-rechts-auf-loeschung-ergebnisse-der-edpb-koordinierten-durchsetzungsaktion-2025\\\/22926\\\/\",\"url\":\"https:\\\/\\\/www.iitr.de\\\/blog\\\/umsetzung-des-rechts-auf-loeschung-ergebnisse-der-edpb-koordinierten-durchsetzungsaktion-2025\\\/22926\\\/\",\"name\":\"Umsetzung des Rechts auf L\u00f6schung: Ergebnisse der EDPB-Koordinierten Durchsetzungsaktion 2025 - IITR\",\"isPartOf\":{\"@id\":\"https:\\\/\\\/www.iitr.de\\\/blog\\\/#website\"},\"datePublished\":\"2026-03-09T08:00:51+00:00\",\"dateModified\":\"2026-03-24T12:08:45+00:00\",\"description\":\"Der Europ\u00e4ische Datenschutzausschuss (EDPB) hat im Februar 2026 den Abschlussbericht zur koordinierten Durchsetzungsaktion (Coordinated Enforcement Umsetzung des Rechts auf L\u00f6schung: Ergebnisse der EDPB-Koordinierten Durchsetzungsaktion 2025\",\"breadcrumb\":{\"@id\":\"https:\\\/\\\/www.iitr.de\\\/blog\\\/umsetzung-des-rechts-auf-loeschung-ergebnisse-der-edpb-koordinierten-durchsetzungsaktion-2025\\\/22926\\\/#breadcrumb\"},\"inLanguage\":\"de\",\"potentialAction\":[{\"@type\":\"ReadAction\",\"target\":[\"https:\\\/\\\/www.iitr.de\\\/blog\\\/umsetzung-des-rechts-auf-loeschung-ergebnisse-der-edpb-koordinierten-durchsetzungsaktion-2025\\\/22926\\\/\"]}]},{\"@type\":\"BreadcrumbList\",\"@id\":\"https:\\\/\\\/www.iitr.de\\\/blog\\\/umsetzung-des-rechts-auf-loeschung-ergebnisse-der-edpb-koordinierten-durchsetzungsaktion-2025\\\/22926\\\/#breadcrumb\",\"itemListElement\":[{\"@type\":\"ListItem\",\"position\":1,\"name\":\"Startseite\",\"item\":\"https:\\\/\\\/www.iitr.de\\\/blog\\\/\"},{\"@type\":\"ListItem\",\"position\":2,\"name\":\"Umsetzung des Rechts auf L\u00f6schung: Ergebnisse der EDPB-Koordinierten Durchsetzungsaktion 2025\"}]},{\"@type\":\"WebSite\",\"@id\":\"https:\\\/\\\/www.iitr.de\\\/blog\\\/#website\",\"url\":\"https:\\\/\\\/www.iitr.de\\\/blog\\\/\",\"name\":\"Das Datenschutz-Blog\",\"description\":\"IITR\",\"publisher\":{\"@id\":\"https:\\\/\\\/www.iitr.de\\\/blog\\\/#organization\"},\"potentialAction\":[{\"@type\":\"SearchAction\",\"target\":{\"@type\":\"EntryPoint\",\"urlTemplate\":\"https:\\\/\\\/www.iitr.de\\\/blog\\\/?s={search_term_string}\"},\"query-input\":{\"@type\":\"PropertyValueSpecification\",\"valueRequired\":true,\"valueName\":\"search_term_string\"}}],\"inLanguage\":\"de\"},{\"@type\":\"Organization\",\"@id\":\"https:\\\/\\\/www.iitr.de\\\/blog\\\/#organization\",\"name\":\"IITR Datenschutz GmbH\",\"url\":\"https:\\\/\\\/www.iitr.de\\\/blog\\\/\",\"logo\":{\"@type\":\"ImageObject\",\"inLanguage\":\"de\",\"@id\":\"https:\\\/\\\/www.iitr.de\\\/blog\\\/#\\\/schema\\\/logo\\\/image\\\/\",\"url\":\"https:\\\/\\\/www.iitr.de\\\/blog\\\/wp-content\\\/uploads\\\/2020\\\/09\\\/externer-datenschutzbeauftragter-iitr-gross.jpg\",\"contentUrl\":\"https:\\\/\\\/www.iitr.de\\\/blog\\\/wp-content\\\/uploads\\\/2020\\\/09\\\/externer-datenschutzbeauftragter-iitr-gross.jpg\",\"width\":294,\"height\":100,\"caption\":\"IITR Datenschutz GmbH\"},\"image\":{\"@id\":\"https:\\\/\\\/www.iitr.de\\\/blog\\\/#\\\/schema\\\/logo\\\/image\\\/\"},\"sameAs\":[\"https:\\\/\\\/x.com\\\/sebkraska\",\"https:\\\/\\\/www.youtube.com\\\/user\\\/datenschutzvideos\\\/\"]},{\"@type\":\"Person\",\"@id\":\"https:\\\/\\\/www.iitr.de\\\/blog\\\/#\\\/schema\\\/person\\\/632d8781fda6b4fe5a5196f8dff9a01e\",\"name\":\"Sebastian Kraska\"}]}<\/script>\n<!-- \/ Yoast SEO plugin. -->","yoast_head_json":{"title":"Umsetzung des Rechts auf L\u00f6schung: Ergebnisse der EDPB-Koordinierten Durchsetzungsaktion 2025 - IITR","description":"Der Europ\u00e4ische Datenschutzausschuss (EDPB) hat im Februar 2026 den Abschlussbericht zur koordinierten Durchsetzungsaktion (Coordinated Enforcement Umsetzung des Rechts auf L\u00f6schung: Ergebnisse der EDPB-Koordinierten Durchsetzungsaktion 2025","robots":{"index":"index","follow":"follow","max-snippet":"max-snippet:-1","max-image-preview":"max-image-preview:large","max-video-preview":"max-video-preview:-1"},"canonical":"https:\/\/www.iitr.de\/blog\/umsetzung-des-rechts-auf-loeschung-ergebnisse-der-edpb-koordinierten-durchsetzungsaktion-2025\/22926\/","og_locale":"de_DE","og_type":"article","og_title":"Umsetzung des Rechts auf L\u00f6schung: Ergebnisse der EDPB-Koordinierten Durchsetzungsaktion 2025 - IITR","og_description":"Der Europ\u00e4ische Datenschutzausschuss (EDPB) hat im Februar 2026 den Abschlussbericht zur koordinierten Durchsetzungsaktion (Coordinated Enforcement Umsetzung des Rechts auf L\u00f6schung: Ergebnisse der EDPB-Koordinierten Durchsetzungsaktion 2025","og_url":"https:\/\/www.iitr.de\/blog\/umsetzung-des-rechts-auf-loeschung-ergebnisse-der-edpb-koordinierten-durchsetzungsaktion-2025\/22926\/","og_site_name":"Das Datenschutz-Blog","article_published_time":"2026-03-09T08:00:51+00:00","article_modified_time":"2026-03-24T12:08:45+00:00","author":"Sebastian Kraska","twitter_card":"summary_large_image","twitter_creator":"@sebkraska","twitter_site":"@sebkraska","twitter_misc":{"Geschrieben von":"Sebastian Kraska","Gesch\u00e4tzte Lesezeit":"4\u00a0Minuten"},"schema":{"@context":"https:\/\/schema.org","@graph":[{"@type":"Article","@id":"https:\/\/www.iitr.de\/blog\/umsetzung-des-rechts-auf-loeschung-ergebnisse-der-edpb-koordinierten-durchsetzungsaktion-2025\/22926\/#article","isPartOf":{"@id":"https:\/\/www.iitr.de\/blog\/umsetzung-des-rechts-auf-loeschung-ergebnisse-der-edpb-koordinierten-durchsetzungsaktion-2025\/22926\/"},"author":{"name":"Sebastian Kraska","@id":"https:\/\/www.iitr.de\/blog\/#\/schema\/person\/632d8781fda6b4fe5a5196f8dff9a01e"},"headline":"Umsetzung des Rechts auf L\u00f6schung: Ergebnisse der EDPB-Koordinierten Durchsetzungsaktion 2025","datePublished":"2026-03-09T08:00:51+00:00","dateModified":"2026-03-24T12:08:45+00:00","mainEntityOfPage":{"@id":"https:\/\/www.iitr.de\/blog\/umsetzung-des-rechts-auf-loeschung-ergebnisse-der-edpb-koordinierten-durchsetzungsaktion-2025\/22926\/"},"wordCount":784,"publisher":{"@id":"https:\/\/www.iitr.de\/blog\/#organization"},"keywords":["datenschutz","DSGVO","Durchsetzungsaktion","EDPB","L\u00f6schung"],"articleSection":["Datenschutz umsetzen in der Praxis","Datenschutz-News"],"inLanguage":"de"},{"@type":"WebPage","@id":"https:\/\/www.iitr.de\/blog\/umsetzung-des-rechts-auf-loeschung-ergebnisse-der-edpb-koordinierten-durchsetzungsaktion-2025\/22926\/","url":"https:\/\/www.iitr.de\/blog\/umsetzung-des-rechts-auf-loeschung-ergebnisse-der-edpb-koordinierten-durchsetzungsaktion-2025\/22926\/","name":"Umsetzung des Rechts auf L\u00f6schung: Ergebnisse der EDPB-Koordinierten Durchsetzungsaktion 2025 - IITR","isPartOf":{"@id":"https:\/\/www.iitr.de\/blog\/#website"},"datePublished":"2026-03-09T08:00:51+00:00","dateModified":"2026-03-24T12:08:45+00:00","description":"Der Europ\u00e4ische Datenschutzausschuss (EDPB) hat im Februar 2026 den Abschlussbericht zur koordinierten Durchsetzungsaktion (Coordinated Enforcement Umsetzung des Rechts auf L\u00f6schung: Ergebnisse der EDPB-Koordinierten Durchsetzungsaktion 2025","breadcrumb":{"@id":"https:\/\/www.iitr.de\/blog\/umsetzung-des-rechts-auf-loeschung-ergebnisse-der-edpb-koordinierten-durchsetzungsaktion-2025\/22926\/#breadcrumb"},"inLanguage":"de","potentialAction":[{"@type":"ReadAction","target":["https:\/\/www.iitr.de\/blog\/umsetzung-des-rechts-auf-loeschung-ergebnisse-der-edpb-koordinierten-durchsetzungsaktion-2025\/22926\/"]}]},{"@type":"BreadcrumbList","@id":"https:\/\/www.iitr.de\/blog\/umsetzung-des-rechts-auf-loeschung-ergebnisse-der-edpb-koordinierten-durchsetzungsaktion-2025\/22926\/#breadcrumb","itemListElement":[{"@type":"ListItem","position":1,"name":"Startseite","item":"https:\/\/www.iitr.de\/blog\/"},{"@type":"ListItem","position":2,"name":"Umsetzung des Rechts auf L\u00f6schung: Ergebnisse der EDPB-Koordinierten Durchsetzungsaktion 2025"}]},{"@type":"WebSite","@id":"https:\/\/www.iitr.de\/blog\/#website","url":"https:\/\/www.iitr.de\/blog\/","name":"Das Datenschutz-Blog","description":"IITR","publisher":{"@id":"https:\/\/www.iitr.de\/blog\/#organization"},"potentialAction":[{"@type":"SearchAction","target":{"@type":"EntryPoint","urlTemplate":"https:\/\/www.iitr.de\/blog\/?s={search_term_string}"},"query-input":{"@type":"PropertyValueSpecification","valueRequired":true,"valueName":"search_term_string"}}],"inLanguage":"de"},{"@type":"Organization","@id":"https:\/\/www.iitr.de\/blog\/#organization","name":"IITR Datenschutz GmbH","url":"https:\/\/www.iitr.de\/blog\/","logo":{"@type":"ImageObject","inLanguage":"de","@id":"https:\/\/www.iitr.de\/blog\/#\/schema\/logo\/image\/","url":"https:\/\/www.iitr.de\/blog\/wp-content\/uploads\/2020\/09\/externer-datenschutzbeauftragter-iitr-gross.jpg","contentUrl":"https:\/\/www.iitr.de\/blog\/wp-content\/uploads\/2020\/09\/externer-datenschutzbeauftragter-iitr-gross.jpg","width":294,"height":100,"caption":"IITR Datenschutz GmbH"},"image":{"@id":"https:\/\/www.iitr.de\/blog\/#\/schema\/logo\/image\/"},"sameAs":["https:\/\/x.com\/sebkraska","https:\/\/www.youtube.com\/user\/datenschutzvideos\/"]},{"@type":"Person","@id":"https:\/\/www.iitr.de\/blog\/#\/schema\/person\/632d8781fda6b4fe5a5196f8dff9a01e","name":"Sebastian Kraska"}]}},"_links":{"self":[{"href":"https:\/\/www.iitr.de\/blog\/wp-json\/wp\/v2\/posts\/22926","targetHints":{"allow":["GET"]}}],"collection":[{"href":"https:\/\/www.iitr.de\/blog\/wp-json\/wp\/v2\/posts"}],"about":[{"href":"https:\/\/www.iitr.de\/blog\/wp-json\/wp\/v2\/types\/post"}],"author":[{"embeddable":true,"href":"https:\/\/www.iitr.de\/blog\/wp-json\/wp\/v2\/users\/14"}],"replies":[{"embeddable":true,"href":"https:\/\/www.iitr.de\/blog\/wp-json\/wp\/v2\/comments?post=22926"}],"version-history":[{"count":2,"href":"https:\/\/www.iitr.de\/blog\/wp-json\/wp\/v2\/posts\/22926\/revisions"}],"predecessor-version":[{"id":22928,"href":"https:\/\/www.iitr.de\/blog\/wp-json\/wp\/v2\/posts\/22926\/revisions\/22928"}],"wp:attachment":[{"href":"https:\/\/www.iitr.de\/blog\/wp-json\/wp\/v2\/media?parent=22926"}],"wp:term":[{"taxonomy":"category","embeddable":true,"href":"https:\/\/www.iitr.de\/blog\/wp-json\/wp\/v2\/categories?post=22926"},{"taxonomy":"post_tag","embeddable":true,"href":"https:\/\/www.iitr.de\/blog\/wp-json\/wp\/v2\/tags?post=22926"}],"curies":[{"name":"wp","href":"https:\/\/api.w.org\/{rel}","templated":true}]}}