{"id":22825,"date":"2025-11-17T09:52:43","date_gmt":"2025-11-17T08:52:43","guid":{"rendered":"https:\/\/www.iitr.de\/blog\/?p=22825"},"modified":"2025-11-17T09:52:43","modified_gmt":"2025-11-17T08:52:43","slug":"gdprday-2025-in-bologna","status":"publish","type":"post","link":"https:\/\/www.iitr.de\/blog\/gdprday-2025-in-bologna\/22825\/","title":{"rendered":"GDPRday 2025 in Bologna"},"content":{"rendered":"<p>Beim GDPRday 2025 in Bologna stand f\u00fcr uns ein zentrales Thema im Mittelpunkt: Wie gelingt es, Datenschutz, Cybersicherheit und den Schutz der dahinterstehenden Menschen in Einklang zu bringen?<\/p>\n<p>Im Rahmen der Veranstaltung wurde das leicht angepasste Markenprofil vorgestellt: Unter dem Namen \u201eCyberprotection\u201c b\u00fcndelt man k\u00fcnftig die Kompetenzen in \u201eData Protection\u201c und \u201eCyber Security\u201c. Dahinter steht die Erkenntnis, dass technischer Datenschutz allein nicht ausreicht \u2013 entscheidend ist der tats\u00e4chliche Schutz der Menschen, deren Daten verarbeitet werden.<\/p>\n<p>Ein Schwerpunkt der Diskussion lag auf dem Zusammenspiel aktueller Rechtsrahmen wie GDPR, NIS2 und AI Act. Am Beispiel der Video\u00fcberwachung wurde deutlich, wie komplex die Lage ist:<\/p>\n<ul>\n<li style=\"list-style-type: none;\">\n<ul>\n<li>Die GDPR verlangt eine klare Begr\u00fcndung und Datenminimierung,<\/li>\n<li>NIS2 fordert verst\u00e4rkte Sicherheitsma\u00dfnahmen \u2013 etwa auch durch \u00dcberwachungstechnik,<\/li>\n<li>der AI Act setzt gleichzeitig enge Grenzen f\u00fcr bestimmte Formen von \u00dcberwachung und KI-Einsatz.<\/li>\n<\/ul>\n<\/li>\n<\/ul>\n<p>Dieses Spannungsfeld zwischen \u201ePrivacy by Design\u201c (GDPR), \u201eSecurity by Design\u201c (NIS2) und einem st\u00e4rker grundrechtsorientierten \u201eRight by Design\u201c (AI Act) macht deutlich, dass Unternehmen verst\u00e4rkt risikobasiert entscheiden und dokumentieren m\u00fcssen. W\u00e4hrend die GDPR den risikobasierten Ansatz noch st\u00e4rker in die Verantwortung der Unternehmen legt, r\u00fcckt das Risikokonzept im AI Act ins Zentrum der Regulierung \u2013 etwa durch klare Vorgaben zu \u201ehochriskanten\u201c KI-Systemen.<\/p>\n<p>Daneben wurde die globale Perspektive beleuchtet: W\u00e4hrend in den USA und China digitale Innovation h\u00e4ufig mit einem hohen Tempo vorangetrieben wird, setzt Europa st\u00e4rker auf Regulierung und Grundrechtsschutz. Der anf\u00e4ngliche \u201eBr\u00fcssel-Effekt\u201c \u2013 also die weltweite Orientierung an europ\u00e4ischen Datenschutzstandards \u2013 trifft inzwischen auf anders ausgestaltete, teils flexiblere Rahmenbedingungen in anderen Regionen. Europa verfolgt dabei weiterhin das Ziel, den Menschen in den Mittelpunkt der digitalen Entwicklung zu stellen.<\/p>\n<p>Vor diesem Hintergrund wurde auch die gesellschaftliche Dimension der digitalen Transformation diskutiert. Die zunehmende Geschwindigkeit technischer Entwicklungen, der wachsende Einsatz von KI und die Verlagerung von Entscheidungen auf automatisierte Systeme stellen sowohl Regulierung als auch Erziehung vor Herausforderungen. Ein Beispiel aus dem Alltag ist der Umgang mit Kindern in einer hochdigitalisierten Umwelt oder die wachsende Abh\u00e4ngigkeit von Plattformen bei der Auswahl von Inhalten.<\/p>\n<p>Wie relevant diese Fragen auch im Detail sind, zeigt ein praktisches Beispiel aus dem Hotelalltag: In Italien ist es rechtlich ausreichend, die Angaben eines Ausweisdokuments zu \u00fcberpr\u00fcfen \u2013 eine vollst\u00e4ndige Kopie oder das Einscannen des Dokuments ist in der Regel nicht erforderlich. Hier wird deutlich, wie schnell grundlegende Prinzipien wie Datenminimierung im Alltag aus dem Blick geraten k\u00f6nnen.<\/p>\n<p>Der GDPRday 2025 hat einmal mehr gezeigt, dass sich Unternehmen in einem dynamischen Spannungsfeld aus Technik, Recht und gesellschaftlicher Verantwortung bewegen. \u201eCyberprotection\u201c versteht sich dabei als Partner, der nicht nur Systeme, sondern vor allem Menschen und ihre Rechte im digitalen Raum sch\u00fctzt.<\/p>\n","protected":false},"excerpt":{"rendered":"<p>Beim GDPRday 2025 in Bologna stand f\u00fcr uns ein zentrales Thema im Mittelpunkt: Wie gelingt es, Datenschutz, Cybersicherheit und den Schutz der dahinterstehenden Menschen in Einklang zu bringen? Im Rahmen der Veranstaltung wurde das leicht angepasste Markenprofil vorgestellt: Unter dem Namen \u201eCyberprotection\u201c b\u00fcndelt man k\u00fcnftig die Kompetenzen in \u201eData Protection\u201c und \u201eCyber Security\u201c. Dahinter steht &hellip; <a href=\"https:\/\/www.iitr.de\/blog\/gdprday-2025-in-bologna\/22825\/\" class=\"more-link\"><span class=\"screen-reader-text\">GDPRday 2025 in Bologna<\/span> weiterlesen<\/a><\/p>\n","protected":false},"author":25,"featured_media":0,"comment_status":"closed","ping_status":"open","sticky":false,"template":"","format":"standard","meta":{"_acf_changed":false,"footnotes":""},"categories":[3],"tags":[5245,5109,16,3752,3480,5308,5309],"class_list":["post-22825","post","type-post","status-publish","format-standard","hentry","category-news","tag-ai-act","tag-cybersecurity","tag-datenschutz","tag-dsgvo","tag-gdpr","tag-gdprday-2025","tag-nis2"],"acf":[],"yoast_head":"<!-- This site is optimized with the Yoast SEO plugin v27.5 - https:\/\/yoast.com\/product\/yoast-seo-wordpress\/ -->\n<title>GDPRday 2025 in Bologna - IITR<\/title>\n<meta name=\"description\" content=\"Beim GDPRday 2025 in Bologna stand f\u00fcr uns ein zentrales Thema im Mittelpunkt: Wie gelingt es, Datenschutz, Cybersicherheit und den Schutz der GDPRday 2025 in Bologna\" \/>\n<meta name=\"robots\" content=\"index, follow, max-snippet:-1, max-image-preview:large, max-video-preview:-1\" \/>\n<link rel=\"canonical\" href=\"https:\/\/www.iitr.de\/blog\/gdprday-2025-in-bologna\/22825\/\" \/>\n<meta property=\"og:locale\" content=\"de_DE\" \/>\n<meta property=\"og:type\" content=\"article\" \/>\n<meta property=\"og:title\" content=\"GDPRday 2025 in Bologna - IITR\" \/>\n<meta property=\"og:description\" content=\"Beim GDPRday 2025 in Bologna stand f\u00fcr uns ein zentrales Thema im Mittelpunkt: Wie gelingt es, Datenschutz, Cybersicherheit und den Schutz der GDPRday 2025 in Bologna\" \/>\n<meta property=\"og:url\" content=\"https:\/\/www.iitr.de\/blog\/gdprday-2025-in-bologna\/22825\/\" \/>\n<meta property=\"og:site_name\" content=\"Das Datenschutz-Blog\" \/>\n<meta property=\"article:published_time\" content=\"2025-11-17T08:52:43+00:00\" \/>\n<meta name=\"author\" content=\"Michael Wehowsky\" \/>\n<meta name=\"twitter:card\" content=\"summary_large_image\" \/>\n<meta name=\"twitter:creator\" content=\"@sebkraska\" \/>\n<meta name=\"twitter:site\" content=\"@sebkraska\" \/>\n<meta name=\"twitter:label1\" content=\"Geschrieben von\" \/>\n\t<meta name=\"twitter:data1\" content=\"Michael Wehowsky\" \/>\n\t<meta name=\"twitter:label2\" content=\"Gesch\u00e4tzte Lesezeit\" \/>\n\t<meta name=\"twitter:data2\" content=\"3\u00a0Minuten\" \/>\n<script type=\"application\/ld+json\" class=\"yoast-schema-graph\">{\"@context\":\"https:\\\/\\\/schema.org\",\"@graph\":[{\"@type\":\"Article\",\"@id\":\"https:\\\/\\\/www.iitr.de\\\/blog\\\/gdprday-2025-in-bologna\\\/22825\\\/#article\",\"isPartOf\":{\"@id\":\"https:\\\/\\\/www.iitr.de\\\/blog\\\/gdprday-2025-in-bologna\\\/22825\\\/\"},\"author\":{\"name\":\"Michael Wehowsky\",\"@id\":\"https:\\\/\\\/www.iitr.de\\\/blog\\\/#\\\/schema\\\/person\\\/c472b6bbc0ed796e5bb019b689c73e80\"},\"headline\":\"GDPRday 2025 in Bologna\",\"datePublished\":\"2025-11-17T08:52:43+00:00\",\"mainEntityOfPage\":{\"@id\":\"https:\\\/\\\/www.iitr.de\\\/blog\\\/gdprday-2025-in-bologna\\\/22825\\\/\"},\"wordCount\":446,\"publisher\":{\"@id\":\"https:\\\/\\\/www.iitr.de\\\/blog\\\/#organization\"},\"keywords\":[\"AI Act\",\"Cybersecurity\",\"datenschutz\",\"DSGVO\",\"GDPR\",\"GDPRday 2025\",\"NIS2\"],\"articleSection\":[\"Datenschutz-News\"],\"inLanguage\":\"de\"},{\"@type\":\"WebPage\",\"@id\":\"https:\\\/\\\/www.iitr.de\\\/blog\\\/gdprday-2025-in-bologna\\\/22825\\\/\",\"url\":\"https:\\\/\\\/www.iitr.de\\\/blog\\\/gdprday-2025-in-bologna\\\/22825\\\/\",\"name\":\"GDPRday 2025 in Bologna - IITR\",\"isPartOf\":{\"@id\":\"https:\\\/\\\/www.iitr.de\\\/blog\\\/#website\"},\"datePublished\":\"2025-11-17T08:52:43+00:00\",\"description\":\"Beim GDPRday 2025 in Bologna stand f\u00fcr uns ein zentrales Thema im Mittelpunkt: Wie gelingt es, Datenschutz, Cybersicherheit und den Schutz der GDPRday 2025 in Bologna\",\"breadcrumb\":{\"@id\":\"https:\\\/\\\/www.iitr.de\\\/blog\\\/gdprday-2025-in-bologna\\\/22825\\\/#breadcrumb\"},\"inLanguage\":\"de\",\"potentialAction\":[{\"@type\":\"ReadAction\",\"target\":[\"https:\\\/\\\/www.iitr.de\\\/blog\\\/gdprday-2025-in-bologna\\\/22825\\\/\"]}]},{\"@type\":\"BreadcrumbList\",\"@id\":\"https:\\\/\\\/www.iitr.de\\\/blog\\\/gdprday-2025-in-bologna\\\/22825\\\/#breadcrumb\",\"itemListElement\":[{\"@type\":\"ListItem\",\"position\":1,\"name\":\"Startseite\",\"item\":\"https:\\\/\\\/www.iitr.de\\\/blog\\\/\"},{\"@type\":\"ListItem\",\"position\":2,\"name\":\"GDPRday 2025 in Bologna\"}]},{\"@type\":\"WebSite\",\"@id\":\"https:\\\/\\\/www.iitr.de\\\/blog\\\/#website\",\"url\":\"https:\\\/\\\/www.iitr.de\\\/blog\\\/\",\"name\":\"Das Datenschutz-Blog\",\"description\":\"IITR\",\"publisher\":{\"@id\":\"https:\\\/\\\/www.iitr.de\\\/blog\\\/#organization\"},\"potentialAction\":[{\"@type\":\"SearchAction\",\"target\":{\"@type\":\"EntryPoint\",\"urlTemplate\":\"https:\\\/\\\/www.iitr.de\\\/blog\\\/?s={search_term_string}\"},\"query-input\":{\"@type\":\"PropertyValueSpecification\",\"valueRequired\":true,\"valueName\":\"search_term_string\"}}],\"inLanguage\":\"de\"},{\"@type\":\"Organization\",\"@id\":\"https:\\\/\\\/www.iitr.de\\\/blog\\\/#organization\",\"name\":\"IITR Datenschutz GmbH\",\"url\":\"https:\\\/\\\/www.iitr.de\\\/blog\\\/\",\"logo\":{\"@type\":\"ImageObject\",\"inLanguage\":\"de\",\"@id\":\"https:\\\/\\\/www.iitr.de\\\/blog\\\/#\\\/schema\\\/logo\\\/image\\\/\",\"url\":\"https:\\\/\\\/www.iitr.de\\\/blog\\\/wp-content\\\/uploads\\\/2020\\\/09\\\/externer-datenschutzbeauftragter-iitr-gross.jpg\",\"contentUrl\":\"https:\\\/\\\/www.iitr.de\\\/blog\\\/wp-content\\\/uploads\\\/2020\\\/09\\\/externer-datenschutzbeauftragter-iitr-gross.jpg\",\"width\":294,\"height\":100,\"caption\":\"IITR Datenschutz GmbH\"},\"image\":{\"@id\":\"https:\\\/\\\/www.iitr.de\\\/blog\\\/#\\\/schema\\\/logo\\\/image\\\/\"},\"sameAs\":[\"https:\\\/\\\/x.com\\\/sebkraska\",\"https:\\\/\\\/www.youtube.com\\\/user\\\/datenschutzvideos\\\/\"]},{\"@type\":\"Person\",\"@id\":\"https:\\\/\\\/www.iitr.de\\\/blog\\\/#\\\/schema\\\/person\\\/c472b6bbc0ed796e5bb019b689c73e80\",\"name\":\"Michael Wehowsky\"}]}<\/script>\n<!-- \/ Yoast SEO plugin. -->","yoast_head_json":{"title":"GDPRday 2025 in Bologna - IITR","description":"Beim GDPRday 2025 in Bologna stand f\u00fcr uns ein zentrales Thema im Mittelpunkt: Wie gelingt es, Datenschutz, Cybersicherheit und den Schutz der GDPRday 2025 in Bologna","robots":{"index":"index","follow":"follow","max-snippet":"max-snippet:-1","max-image-preview":"max-image-preview:large","max-video-preview":"max-video-preview:-1"},"canonical":"https:\/\/www.iitr.de\/blog\/gdprday-2025-in-bologna\/22825\/","og_locale":"de_DE","og_type":"article","og_title":"GDPRday 2025 in Bologna - IITR","og_description":"Beim GDPRday 2025 in Bologna stand f\u00fcr uns ein zentrales Thema im Mittelpunkt: Wie gelingt es, Datenschutz, Cybersicherheit und den Schutz der GDPRday 2025 in Bologna","og_url":"https:\/\/www.iitr.de\/blog\/gdprday-2025-in-bologna\/22825\/","og_site_name":"Das Datenschutz-Blog","article_published_time":"2025-11-17T08:52:43+00:00","author":"Michael Wehowsky","twitter_card":"summary_large_image","twitter_creator":"@sebkraska","twitter_site":"@sebkraska","twitter_misc":{"Geschrieben von":"Michael Wehowsky","Gesch\u00e4tzte Lesezeit":"3\u00a0Minuten"},"schema":{"@context":"https:\/\/schema.org","@graph":[{"@type":"Article","@id":"https:\/\/www.iitr.de\/blog\/gdprday-2025-in-bologna\/22825\/#article","isPartOf":{"@id":"https:\/\/www.iitr.de\/blog\/gdprday-2025-in-bologna\/22825\/"},"author":{"name":"Michael Wehowsky","@id":"https:\/\/www.iitr.de\/blog\/#\/schema\/person\/c472b6bbc0ed796e5bb019b689c73e80"},"headline":"GDPRday 2025 in Bologna","datePublished":"2025-11-17T08:52:43+00:00","mainEntityOfPage":{"@id":"https:\/\/www.iitr.de\/blog\/gdprday-2025-in-bologna\/22825\/"},"wordCount":446,"publisher":{"@id":"https:\/\/www.iitr.de\/blog\/#organization"},"keywords":["AI Act","Cybersecurity","datenschutz","DSGVO","GDPR","GDPRday 2025","NIS2"],"articleSection":["Datenschutz-News"],"inLanguage":"de"},{"@type":"WebPage","@id":"https:\/\/www.iitr.de\/blog\/gdprday-2025-in-bologna\/22825\/","url":"https:\/\/www.iitr.de\/blog\/gdprday-2025-in-bologna\/22825\/","name":"GDPRday 2025 in Bologna - IITR","isPartOf":{"@id":"https:\/\/www.iitr.de\/blog\/#website"},"datePublished":"2025-11-17T08:52:43+00:00","description":"Beim GDPRday 2025 in Bologna stand f\u00fcr uns ein zentrales Thema im Mittelpunkt: Wie gelingt es, Datenschutz, Cybersicherheit und den Schutz der GDPRday 2025 in Bologna","breadcrumb":{"@id":"https:\/\/www.iitr.de\/blog\/gdprday-2025-in-bologna\/22825\/#breadcrumb"},"inLanguage":"de","potentialAction":[{"@type":"ReadAction","target":["https:\/\/www.iitr.de\/blog\/gdprday-2025-in-bologna\/22825\/"]}]},{"@type":"BreadcrumbList","@id":"https:\/\/www.iitr.de\/blog\/gdprday-2025-in-bologna\/22825\/#breadcrumb","itemListElement":[{"@type":"ListItem","position":1,"name":"Startseite","item":"https:\/\/www.iitr.de\/blog\/"},{"@type":"ListItem","position":2,"name":"GDPRday 2025 in Bologna"}]},{"@type":"WebSite","@id":"https:\/\/www.iitr.de\/blog\/#website","url":"https:\/\/www.iitr.de\/blog\/","name":"Das Datenschutz-Blog","description":"IITR","publisher":{"@id":"https:\/\/www.iitr.de\/blog\/#organization"},"potentialAction":[{"@type":"SearchAction","target":{"@type":"EntryPoint","urlTemplate":"https:\/\/www.iitr.de\/blog\/?s={search_term_string}"},"query-input":{"@type":"PropertyValueSpecification","valueRequired":true,"valueName":"search_term_string"}}],"inLanguage":"de"},{"@type":"Organization","@id":"https:\/\/www.iitr.de\/blog\/#organization","name":"IITR Datenschutz GmbH","url":"https:\/\/www.iitr.de\/blog\/","logo":{"@type":"ImageObject","inLanguage":"de","@id":"https:\/\/www.iitr.de\/blog\/#\/schema\/logo\/image\/","url":"https:\/\/www.iitr.de\/blog\/wp-content\/uploads\/2020\/09\/externer-datenschutzbeauftragter-iitr-gross.jpg","contentUrl":"https:\/\/www.iitr.de\/blog\/wp-content\/uploads\/2020\/09\/externer-datenschutzbeauftragter-iitr-gross.jpg","width":294,"height":100,"caption":"IITR Datenschutz GmbH"},"image":{"@id":"https:\/\/www.iitr.de\/blog\/#\/schema\/logo\/image\/"},"sameAs":["https:\/\/x.com\/sebkraska","https:\/\/www.youtube.com\/user\/datenschutzvideos\/"]},{"@type":"Person","@id":"https:\/\/www.iitr.de\/blog\/#\/schema\/person\/c472b6bbc0ed796e5bb019b689c73e80","name":"Michael Wehowsky"}]}},"_links":{"self":[{"href":"https:\/\/www.iitr.de\/blog\/wp-json\/wp\/v2\/posts\/22825","targetHints":{"allow":["GET"]}}],"collection":[{"href":"https:\/\/www.iitr.de\/blog\/wp-json\/wp\/v2\/posts"}],"about":[{"href":"https:\/\/www.iitr.de\/blog\/wp-json\/wp\/v2\/types\/post"}],"author":[{"embeddable":true,"href":"https:\/\/www.iitr.de\/blog\/wp-json\/wp\/v2\/users\/25"}],"replies":[{"embeddable":true,"href":"https:\/\/www.iitr.de\/blog\/wp-json\/wp\/v2\/comments?post=22825"}],"version-history":[{"count":4,"href":"https:\/\/www.iitr.de\/blog\/wp-json\/wp\/v2\/posts\/22825\/revisions"}],"predecessor-version":[{"id":22827,"href":"https:\/\/www.iitr.de\/blog\/wp-json\/wp\/v2\/posts\/22825\/revisions\/22827"}],"wp:attachment":[{"href":"https:\/\/www.iitr.de\/blog\/wp-json\/wp\/v2\/media?parent=22825"}],"wp:term":[{"taxonomy":"category","embeddable":true,"href":"https:\/\/www.iitr.de\/blog\/wp-json\/wp\/v2\/categories?post=22825"},{"taxonomy":"post_tag","embeddable":true,"href":"https:\/\/www.iitr.de\/blog\/wp-json\/wp\/v2\/tags?post=22825"}],"curies":[{"name":"wp","href":"https:\/\/api.w.org\/{rel}","templated":true}]}}