{"id":22741,"date":"2025-09-04T05:54:38","date_gmt":"2025-09-04T03:54:38","guid":{"rendered":"https:\/\/www.iitr.de\/blog\/?p=22741"},"modified":"2025-09-08T08:51:07","modified_gmt":"2025-09-08T06:51:07","slug":"us-justizausschuss-prueft-eu-digitalvorschriften-europes-threat-to-american-speech-and-innovation","status":"publish","type":"post","link":"https:\/\/www.iitr.de\/blog\/us-justizausschuss-prueft-eu-digitalvorschriften-europes-threat-to-american-speech-and-innovation\/22741\/","title":{"rendered":"US-Justizausschuss pr\u00fcft EU-Digitalvorschriften: &#8222;Europe\u2019s Threat to American Speech and Innovation&#8220;"},"content":{"rendered":"<p>Der Justizausschuss des US-Repr\u00e4sentantenhauses hat sich in seiner Sitzung am 3.9.25 unter dem Titel &#8222;Europe\u2019s Threat to American Speech and Innovation&#8220; mit den europ\u00e4ischen Digitalvorschriften befasst.<\/p>\n<h2>Als Zeugen wurden geladen:<\/h2>\n<ul>\n<li>The Rt. Hon. Nigel Farage, Member of Parliament of the United Kingdom<\/li>\n<li>Lorc\u00e1n Price, Barrister, Legal Counsel, Alliance Defending Freedom International<\/li>\n<li>Morgan Reed, President, The App Association<\/li>\n<li>David Kaye, Clinical Professor of Law, University of California, Irvine School of Law<\/li>\n<\/ul>\n<h2>Quellen:<\/h2>\n<ul>\n<li><a href=\"https:\/\/judiciary.house.gov\/committee-activity\/hearings\/europes-threat-american-speech-and-innovation\" target=\"_blank\" rel=\"noopener\">Die Aufnahme der Ausschuss-Sitzung kann auf YouTube angesehen werden.<\/a><\/li>\n<li><a href=\"https:\/\/www.reuters.com\/world\/us\/trump-administration-weighs-sanctions-officials-implementing-eu-tech-law-sources-2025-08-26\" target=\"_blank\" rel=\"noopener\">Begleitende Informationen bietet der Presse-Artikel hier.<\/a><\/li>\n<\/ul>\n","protected":false},"excerpt":{"rendered":"<p>Der Justizausschuss des US-Repr\u00e4sentantenhauses hat sich in seiner Sitzung am 3.9.25 unter dem Titel &#8222;Europe\u2019s Threat to American Speech and Innovation&#8220; mit den europ\u00e4ischen Digitalvorschriften befasst. Als Zeugen wurden geladen: The Rt. Hon. Nigel Farage, Member of Parliament of the United Kingdom Lorc\u00e1n Price, Barrister, Legal Counsel, Alliance Defending Freedom International Morgan Reed, President, The &hellip; <a href=\"https:\/\/www.iitr.de\/blog\/us-justizausschuss-prueft-eu-digitalvorschriften-europes-threat-to-american-speech-and-innovation\/22741\/\" class=\"more-link\"><span class=\"screen-reader-text\">US-Justizausschuss pr\u00fcft EU-Digitalvorschriften: &#8222;Europe\u2019s Threat to American Speech and Innovation&#8220;<\/span> weiterlesen<\/a><\/p>\n","protected":false},"author":14,"featured_media":0,"comment_status":"closed","ping_status":"open","sticky":false,"template":"","format":"standard","meta":{"_acf_changed":false,"footnotes":""},"categories":[3,11],"tags":[5293,165,2663,5296,5292,5295,5294,679],"class_list":["post-22741","post","type-post","status-publish","format-standard","hentry","category-news","category-fur-verarbeitende-stellen","tag-digitalvorschriften","tag-eu","tag-europe","tag-innovation","tag-justizausschuss","tag-speech","tag-threat","tag-us"],"acf":[],"yoast_head":"<!-- This site is optimized with the Yoast SEO plugin v27.5 - https:\/\/yoast.com\/product\/yoast-seo-wordpress\/ -->\n<title>US-Justizausschuss pr\u00fcft EU-Digitalvorschriften<\/title>\n<meta name=\"description\" content=\"Der Justizausschuss des US-Repr\u00e4sentantenhauses hat sich in seiner Sitzung am 3.9.25 mit den europ\u00e4ischen Digitalvorschriften befasst.\" \/>\n<meta name=\"robots\" content=\"index, follow, max-snippet:-1, max-image-preview:large, max-video-preview:-1\" \/>\n<link rel=\"canonical\" href=\"https:\/\/www.iitr.de\/blog\/us-justizausschuss-prueft-eu-digitalvorschriften-europes-threat-to-american-speech-and-innovation\/22741\/\" \/>\n<meta property=\"og:locale\" content=\"de_DE\" \/>\n<meta property=\"og:type\" content=\"article\" \/>\n<meta property=\"og:title\" content=\"US-Justizausschuss pr\u00fcft EU-Digitalvorschriften\" \/>\n<meta property=\"og:description\" content=\"Der Justizausschuss des US-Repr\u00e4sentantenhauses hat sich in seiner Sitzung am 3.9.25 mit den europ\u00e4ischen Digitalvorschriften befasst.\" \/>\n<meta property=\"og:url\" content=\"https:\/\/www.iitr.de\/blog\/us-justizausschuss-prueft-eu-digitalvorschriften-europes-threat-to-american-speech-and-innovation\/22741\/\" \/>\n<meta property=\"og:site_name\" content=\"Das Datenschutz-Blog\" \/>\n<meta property=\"article:published_time\" content=\"2025-09-04T03:54:38+00:00\" \/>\n<meta property=\"article:modified_time\" content=\"2025-09-08T06:51:07+00:00\" \/>\n<meta name=\"author\" content=\"Sebastian Kraska\" \/>\n<meta name=\"twitter:card\" content=\"summary_large_image\" \/>\n<meta name=\"twitter:creator\" content=\"@sebkraska\" \/>\n<meta name=\"twitter:site\" content=\"@sebkraska\" \/>\n<meta name=\"twitter:label1\" content=\"Geschrieben von\" \/>\n\t<meta name=\"twitter:data1\" content=\"Sebastian Kraska\" \/>\n\t<meta name=\"twitter:label2\" content=\"Gesch\u00e4tzte Lesezeit\" \/>\n\t<meta name=\"twitter:data2\" content=\"1\u00a0Minute\" \/>\n<script type=\"application\/ld+json\" class=\"yoast-schema-graph\">{\"@context\":\"https:\\\/\\\/schema.org\",\"@graph\":[{\"@type\":\"Article\",\"@id\":\"https:\\\/\\\/www.iitr.de\\\/blog\\\/us-justizausschuss-prueft-eu-digitalvorschriften-europes-threat-to-american-speech-and-innovation\\\/22741\\\/#article\",\"isPartOf\":{\"@id\":\"https:\\\/\\\/www.iitr.de\\\/blog\\\/us-justizausschuss-prueft-eu-digitalvorschriften-europes-threat-to-american-speech-and-innovation\\\/22741\\\/\"},\"author\":{\"name\":\"Sebastian Kraska\",\"@id\":\"https:\\\/\\\/www.iitr.de\\\/blog\\\/#\\\/schema\\\/person\\\/632d8781fda6b4fe5a5196f8dff9a01e\"},\"headline\":\"US-Justizausschuss pr\u00fcft EU-Digitalvorschriften: &#8222;Europe\u2019s Threat to American Speech and Innovation&#8220;\",\"datePublished\":\"2025-09-04T03:54:38+00:00\",\"dateModified\":\"2025-09-08T06:51:07+00:00\",\"mainEntityOfPage\":{\"@id\":\"https:\\\/\\\/www.iitr.de\\\/blog\\\/us-justizausschuss-prueft-eu-digitalvorschriften-europes-threat-to-american-speech-and-innovation\\\/22741\\\/\"},\"wordCount\":101,\"publisher\":{\"@id\":\"https:\\\/\\\/www.iitr.de\\\/blog\\\/#organization\"},\"keywords\":[\"Digitalvorschriften\",\"eu\",\"Europe\",\"Innovation\",\"Justizausschuss\",\"Speech\",\"Threat\",\"us\"],\"articleSection\":[\"Datenschutz-News\",\"Praxis - Verarbeitende Stellen\"],\"inLanguage\":\"de\"},{\"@type\":\"WebPage\",\"@id\":\"https:\\\/\\\/www.iitr.de\\\/blog\\\/us-justizausschuss-prueft-eu-digitalvorschriften-europes-threat-to-american-speech-and-innovation\\\/22741\\\/\",\"url\":\"https:\\\/\\\/www.iitr.de\\\/blog\\\/us-justizausschuss-prueft-eu-digitalvorschriften-europes-threat-to-american-speech-and-innovation\\\/22741\\\/\",\"name\":\"US-Justizausschuss pr\u00fcft EU-Digitalvorschriften\",\"isPartOf\":{\"@id\":\"https:\\\/\\\/www.iitr.de\\\/blog\\\/#website\"},\"datePublished\":\"2025-09-04T03:54:38+00:00\",\"dateModified\":\"2025-09-08T06:51:07+00:00\",\"description\":\"Der Justizausschuss des US-Repr\u00e4sentantenhauses hat sich in seiner Sitzung am 3.9.25 mit den europ\u00e4ischen Digitalvorschriften befasst.\",\"breadcrumb\":{\"@id\":\"https:\\\/\\\/www.iitr.de\\\/blog\\\/us-justizausschuss-prueft-eu-digitalvorschriften-europes-threat-to-american-speech-and-innovation\\\/22741\\\/#breadcrumb\"},\"inLanguage\":\"de\",\"potentialAction\":[{\"@type\":\"ReadAction\",\"target\":[\"https:\\\/\\\/www.iitr.de\\\/blog\\\/us-justizausschuss-prueft-eu-digitalvorschriften-europes-threat-to-american-speech-and-innovation\\\/22741\\\/\"]}]},{\"@type\":\"BreadcrumbList\",\"@id\":\"https:\\\/\\\/www.iitr.de\\\/blog\\\/us-justizausschuss-prueft-eu-digitalvorschriften-europes-threat-to-american-speech-and-innovation\\\/22741\\\/#breadcrumb\",\"itemListElement\":[{\"@type\":\"ListItem\",\"position\":1,\"name\":\"Startseite\",\"item\":\"https:\\\/\\\/www.iitr.de\\\/blog\\\/\"},{\"@type\":\"ListItem\",\"position\":2,\"name\":\"US-Justizausschuss pr\u00fcft EU-Digitalvorschriften: &#8220;Europe\u2019s Threat to American Speech and Innovation&#8221;\"}]},{\"@type\":\"WebSite\",\"@id\":\"https:\\\/\\\/www.iitr.de\\\/blog\\\/#website\",\"url\":\"https:\\\/\\\/www.iitr.de\\\/blog\\\/\",\"name\":\"Das Datenschutz-Blog\",\"description\":\"IITR\",\"publisher\":{\"@id\":\"https:\\\/\\\/www.iitr.de\\\/blog\\\/#organization\"},\"potentialAction\":[{\"@type\":\"SearchAction\",\"target\":{\"@type\":\"EntryPoint\",\"urlTemplate\":\"https:\\\/\\\/www.iitr.de\\\/blog\\\/?s={search_term_string}\"},\"query-input\":{\"@type\":\"PropertyValueSpecification\",\"valueRequired\":true,\"valueName\":\"search_term_string\"}}],\"inLanguage\":\"de\"},{\"@type\":\"Organization\",\"@id\":\"https:\\\/\\\/www.iitr.de\\\/blog\\\/#organization\",\"name\":\"IITR Datenschutz GmbH\",\"url\":\"https:\\\/\\\/www.iitr.de\\\/blog\\\/\",\"logo\":{\"@type\":\"ImageObject\",\"inLanguage\":\"de\",\"@id\":\"https:\\\/\\\/www.iitr.de\\\/blog\\\/#\\\/schema\\\/logo\\\/image\\\/\",\"url\":\"https:\\\/\\\/www.iitr.de\\\/blog\\\/wp-content\\\/uploads\\\/2020\\\/09\\\/externer-datenschutzbeauftragter-iitr-gross.jpg\",\"contentUrl\":\"https:\\\/\\\/www.iitr.de\\\/blog\\\/wp-content\\\/uploads\\\/2020\\\/09\\\/externer-datenschutzbeauftragter-iitr-gross.jpg\",\"width\":294,\"height\":100,\"caption\":\"IITR Datenschutz GmbH\"},\"image\":{\"@id\":\"https:\\\/\\\/www.iitr.de\\\/blog\\\/#\\\/schema\\\/logo\\\/image\\\/\"},\"sameAs\":[\"https:\\\/\\\/x.com\\\/sebkraska\",\"https:\\\/\\\/www.youtube.com\\\/user\\\/datenschutzvideos\\\/\"]},{\"@type\":\"Person\",\"@id\":\"https:\\\/\\\/www.iitr.de\\\/blog\\\/#\\\/schema\\\/person\\\/632d8781fda6b4fe5a5196f8dff9a01e\",\"name\":\"Sebastian Kraska\"}]}<\/script>\n<!-- \/ Yoast SEO plugin. -->","yoast_head_json":{"title":"US-Justizausschuss pr\u00fcft EU-Digitalvorschriften","description":"Der Justizausschuss des US-Repr\u00e4sentantenhauses hat sich in seiner Sitzung am 3.9.25 mit den europ\u00e4ischen Digitalvorschriften befasst.","robots":{"index":"index","follow":"follow","max-snippet":"max-snippet:-1","max-image-preview":"max-image-preview:large","max-video-preview":"max-video-preview:-1"},"canonical":"https:\/\/www.iitr.de\/blog\/us-justizausschuss-prueft-eu-digitalvorschriften-europes-threat-to-american-speech-and-innovation\/22741\/","og_locale":"de_DE","og_type":"article","og_title":"US-Justizausschuss pr\u00fcft EU-Digitalvorschriften","og_description":"Der Justizausschuss des US-Repr\u00e4sentantenhauses hat sich in seiner Sitzung am 3.9.25 mit den europ\u00e4ischen Digitalvorschriften befasst.","og_url":"https:\/\/www.iitr.de\/blog\/us-justizausschuss-prueft-eu-digitalvorschriften-europes-threat-to-american-speech-and-innovation\/22741\/","og_site_name":"Das Datenschutz-Blog","article_published_time":"2025-09-04T03:54:38+00:00","article_modified_time":"2025-09-08T06:51:07+00:00","author":"Sebastian Kraska","twitter_card":"summary_large_image","twitter_creator":"@sebkraska","twitter_site":"@sebkraska","twitter_misc":{"Geschrieben von":"Sebastian Kraska","Gesch\u00e4tzte Lesezeit":"1\u00a0Minute"},"schema":{"@context":"https:\/\/schema.org","@graph":[{"@type":"Article","@id":"https:\/\/www.iitr.de\/blog\/us-justizausschuss-prueft-eu-digitalvorschriften-europes-threat-to-american-speech-and-innovation\/22741\/#article","isPartOf":{"@id":"https:\/\/www.iitr.de\/blog\/us-justizausschuss-prueft-eu-digitalvorschriften-europes-threat-to-american-speech-and-innovation\/22741\/"},"author":{"name":"Sebastian Kraska","@id":"https:\/\/www.iitr.de\/blog\/#\/schema\/person\/632d8781fda6b4fe5a5196f8dff9a01e"},"headline":"US-Justizausschuss pr\u00fcft EU-Digitalvorschriften: &#8222;Europe\u2019s Threat to American Speech and Innovation&#8220;","datePublished":"2025-09-04T03:54:38+00:00","dateModified":"2025-09-08T06:51:07+00:00","mainEntityOfPage":{"@id":"https:\/\/www.iitr.de\/blog\/us-justizausschuss-prueft-eu-digitalvorschriften-europes-threat-to-american-speech-and-innovation\/22741\/"},"wordCount":101,"publisher":{"@id":"https:\/\/www.iitr.de\/blog\/#organization"},"keywords":["Digitalvorschriften","eu","Europe","Innovation","Justizausschuss","Speech","Threat","us"],"articleSection":["Datenschutz-News","Praxis - Verarbeitende Stellen"],"inLanguage":"de"},{"@type":"WebPage","@id":"https:\/\/www.iitr.de\/blog\/us-justizausschuss-prueft-eu-digitalvorschriften-europes-threat-to-american-speech-and-innovation\/22741\/","url":"https:\/\/www.iitr.de\/blog\/us-justizausschuss-prueft-eu-digitalvorschriften-europes-threat-to-american-speech-and-innovation\/22741\/","name":"US-Justizausschuss pr\u00fcft EU-Digitalvorschriften","isPartOf":{"@id":"https:\/\/www.iitr.de\/blog\/#website"},"datePublished":"2025-09-04T03:54:38+00:00","dateModified":"2025-09-08T06:51:07+00:00","description":"Der Justizausschuss des US-Repr\u00e4sentantenhauses hat sich in seiner Sitzung am 3.9.25 mit den europ\u00e4ischen Digitalvorschriften befasst.","breadcrumb":{"@id":"https:\/\/www.iitr.de\/blog\/us-justizausschuss-prueft-eu-digitalvorschriften-europes-threat-to-american-speech-and-innovation\/22741\/#breadcrumb"},"inLanguage":"de","potentialAction":[{"@type":"ReadAction","target":["https:\/\/www.iitr.de\/blog\/us-justizausschuss-prueft-eu-digitalvorschriften-europes-threat-to-american-speech-and-innovation\/22741\/"]}]},{"@type":"BreadcrumbList","@id":"https:\/\/www.iitr.de\/blog\/us-justizausschuss-prueft-eu-digitalvorschriften-europes-threat-to-american-speech-and-innovation\/22741\/#breadcrumb","itemListElement":[{"@type":"ListItem","position":1,"name":"Startseite","item":"https:\/\/www.iitr.de\/blog\/"},{"@type":"ListItem","position":2,"name":"US-Justizausschuss pr\u00fcft EU-Digitalvorschriften: &#8220;Europe\u2019s Threat to American Speech and Innovation&#8221;"}]},{"@type":"WebSite","@id":"https:\/\/www.iitr.de\/blog\/#website","url":"https:\/\/www.iitr.de\/blog\/","name":"Das Datenschutz-Blog","description":"IITR","publisher":{"@id":"https:\/\/www.iitr.de\/blog\/#organization"},"potentialAction":[{"@type":"SearchAction","target":{"@type":"EntryPoint","urlTemplate":"https:\/\/www.iitr.de\/blog\/?s={search_term_string}"},"query-input":{"@type":"PropertyValueSpecification","valueRequired":true,"valueName":"search_term_string"}}],"inLanguage":"de"},{"@type":"Organization","@id":"https:\/\/www.iitr.de\/blog\/#organization","name":"IITR Datenschutz GmbH","url":"https:\/\/www.iitr.de\/blog\/","logo":{"@type":"ImageObject","inLanguage":"de","@id":"https:\/\/www.iitr.de\/blog\/#\/schema\/logo\/image\/","url":"https:\/\/www.iitr.de\/blog\/wp-content\/uploads\/2020\/09\/externer-datenschutzbeauftragter-iitr-gross.jpg","contentUrl":"https:\/\/www.iitr.de\/blog\/wp-content\/uploads\/2020\/09\/externer-datenschutzbeauftragter-iitr-gross.jpg","width":294,"height":100,"caption":"IITR Datenschutz GmbH"},"image":{"@id":"https:\/\/www.iitr.de\/blog\/#\/schema\/logo\/image\/"},"sameAs":["https:\/\/x.com\/sebkraska","https:\/\/www.youtube.com\/user\/datenschutzvideos\/"]},{"@type":"Person","@id":"https:\/\/www.iitr.de\/blog\/#\/schema\/person\/632d8781fda6b4fe5a5196f8dff9a01e","name":"Sebastian Kraska"}]}},"_links":{"self":[{"href":"https:\/\/www.iitr.de\/blog\/wp-json\/wp\/v2\/posts\/22741","targetHints":{"allow":["GET"]}}],"collection":[{"href":"https:\/\/www.iitr.de\/blog\/wp-json\/wp\/v2\/posts"}],"about":[{"href":"https:\/\/www.iitr.de\/blog\/wp-json\/wp\/v2\/types\/post"}],"author":[{"embeddable":true,"href":"https:\/\/www.iitr.de\/blog\/wp-json\/wp\/v2\/users\/14"}],"replies":[{"embeddable":true,"href":"https:\/\/www.iitr.de\/blog\/wp-json\/wp\/v2\/comments?post=22741"}],"version-history":[{"count":4,"href":"https:\/\/www.iitr.de\/blog\/wp-json\/wp\/v2\/posts\/22741\/revisions"}],"predecessor-version":[{"id":22745,"href":"https:\/\/www.iitr.de\/blog\/wp-json\/wp\/v2\/posts\/22741\/revisions\/22745"}],"wp:attachment":[{"href":"https:\/\/www.iitr.de\/blog\/wp-json\/wp\/v2\/media?parent=22741"}],"wp:term":[{"taxonomy":"category","embeddable":true,"href":"https:\/\/www.iitr.de\/blog\/wp-json\/wp\/v2\/categories?post=22741"},{"taxonomy":"post_tag","embeddable":true,"href":"https:\/\/www.iitr.de\/blog\/wp-json\/wp\/v2\/tags?post=22741"}],"curies":[{"name":"wp","href":"https:\/\/api.w.org\/{rel}","templated":true}]}}