{"id":22685,"date":"2025-06-23T09:08:57","date_gmt":"2025-06-23T07:08:57","guid":{"rendered":"https:\/\/www.iitr.de\/blog\/?p=22685"},"modified":"2025-09-03T13:24:59","modified_gmt":"2025-09-03T11:24:59","slug":"britische-datenschutzreform","status":"publish","type":"post","link":"https:\/\/www.iitr.de\/blog\/britische-datenschutzreform\/22685\/","title":{"rendered":"Britische Daten(schutz)reform"},"content":{"rendered":"<p>Das britische Parlament hat am 11. Juni 2025 den <a href=\"https:\/\/bills.parliament.uk\/bills\/3825\" target=\"_blank\" rel=\"noopener\">Data (Use and Access) Bill verabschiedet<\/a>, welcher eine gute Woche sp\u00e4ter auch die <a href=\"https:\/\/www.bridewell.com\/insights\/blogs\/detail\/understanding-the-data-use-and-access-act-2025\" target=\"_blank\" rel=\"noopener\">k\u00f6nigliche Zustimmung (\u201eRoyal Assent\u201c)<\/a> erhalten hat.<\/p>\n<h2><strong>Von Brexit zu Datenschutzreform.<\/strong><\/h2>\n<p>Im Zuge des Brexits \u00fcbernahm das Vereinigte K\u00f6nigreich zun\u00e4chst die europ\u00e4ische Datenschutz-Grundverordnung ins nationale Recht (\u201eUK-GDPR\u201c) und die Europ\u00e4ische Kommission nahm erwartungsgem\u00e4\u00df <a href=\"https:\/\/ec.europa.eu\/commission\/presscorner\/detail\/de\/ip_21_3183\" target=\"_blank\" rel=\"noopener\">2021 einen Angemessenheitsbeschluss<\/a> an.<\/p>\n<p>Nachdem verschiedene Gesetzesreformen in den vergangenen Jahren scheiterten, legte die neue Regierung im Oktober 2024 den <a href=\"https:\/\/www.gov.uk\/government\/collections\/data-use-and-access-bill\" target=\"_blank\" rel=\"noopener\">\u201eData (Use and Access) Bill\u201c<\/a> vor. Dieser greift weite Teile vorheriger Entw\u00fcrfe auf und soll die Gesetzgebung flexibler auf nationale Bed\u00fcrfnisse und Wirtschaftswachstum aufstellen.<\/p>\n<h2><strong>Alles neu? Ein bisschen.<\/strong><\/h2>\n<p>Lockerungen und \u00c4nderungen gibt es an verschiedenen Stellen zu verzeichnen. Angefangen bei den Rechtsgrundlagen. So wird unter anderem wissenschaftliche Forschung erleichtert und es anerkannte berechtigte Interessen machen eine Interessensabw\u00e4gung obsolet. Au\u00dferdem wird dem Secretary of State die M\u00f6glichkeit einger\u00e4umt, Drittl\u00e4nder als ad\u00e4quat zu klassifizieren, wobei auch ein etwas geringeres Datenschutzniveau ausreichen solle, sowie \u00c4nderungen an der Klassifzierung als personenbezogenes Datum besonderer Kategorie vorzunehmen.<\/p>\n<p><em>[<\/em><a href=\"https:\/\/www.taylorwessing.com\/en\/insights-and-events\/insights\/2025\/06\/game-set-and-match\" target=\"_blank\" rel=\"noopener\"><em>Bei Taylor Wessing finden Sie eine weiterf\u00fchrende Auflistung<\/em><\/a><em> und die <\/em><a href=\"https:\/\/iapp.org\/resources\/article\/uk-data-protection-reform-an-overview\/\" target=\"_blank\" rel=\"noopener\"><em>IAPP hat im November 2024 eine Analyse der \u00c4nderungen ver\u00f6ffentlicht<\/em><\/a><em>.] <\/em><\/p>\n<h2><strong>Nicht nur Datenschutz, auch Datenstrategie.<\/strong><\/h2>\n<p>Einen wirtschaftlichen Boost verspricht man sich au\u00dferdem von neuen Regelungen zu Umgang und Teilen von Daten. Unter der Initiative <a href=\"https:\/\/www.gov.uk\/government\/publications\/data-use-and-access-bill-factsheets\/data-use-and-access-bill-factsheet-growing-the-economy\" target=\"_blank\" rel=\"noopener\">\u201eSmart Data\u201c<\/a> soll insbesondere ein sinnvoller Datenaustausch und -zugriff erleichtert werden, um an verschiedenen Stellen Kosten einsparen zu k\u00f6nnen.<\/p>\n<h2><strong>Fazit: Zwischen regulatorischer Eigenst\u00e4ndigkeit und europ\u00e4ischer Anschlussf\u00e4higkeit.<\/strong><\/h2>\n<p>W\u00e4hrend die britische Regierung das Gesetz als Modernisierung und Chance f\u00fcr Innovation versteht, beobachten europ\u00e4ische Stellen die Entwicklungen mit Blick auf m\u00f6gliche Auswirkungen auf das Datenschutzniveau und die rechtliche Zusammenarbeit. M\u00f6gliche Folgen f\u00fcr den Datenverkehr mit der EU bleiben abzuwarten. Der Angemessenheitsbeschluss, der am 27. Juni 2025 ausgelaufen w\u00e4re, wurde nun um sechs Monate verl\u00e4ngert, um der <a href=\"https:\/\/www.edpb.europa.eu\/system\/files\/2025-05\/edpb-opinion-202506-uk-adequacyextension-gdpr-led_en.pdf\" target=\"_blank\" rel=\"noopener\">\u201eKommission die notwendige Zeit einzur\u00e4umen, das neue Regelwerk des Vereinigten K\u00f6nigreichs zu pr\u00fcfen\u201c<\/a>.<\/p>\n","protected":false},"excerpt":{"rendered":"<p>Das britische Parlament hat am 11. Juni 2025 den Data (Use and Access) Bill verabschiedet, welcher eine gute Woche sp\u00e4ter auch die k\u00f6nigliche Zustimmung (\u201eRoyal Assent\u201c) erhalten hat. Von Brexit zu Datenschutzreform. Im Zuge des Brexits \u00fcbernahm das Vereinigte K\u00f6nigreich zun\u00e4chst die europ\u00e4ische Datenschutz-Grundverordnung ins nationale Recht (\u201eUK-GDPR\u201c) und die Europ\u00e4ische Kommission nahm erwartungsgem\u00e4\u00df 2021 &hellip; <a href=\"https:\/\/www.iitr.de\/blog\/britische-datenschutzreform\/22685\/\" class=\"more-link\"><span class=\"screen-reader-text\">Britische Daten(schutz)reform<\/span> weiterlesen<\/a><\/p>\n","protected":false},"author":25,"featured_media":0,"comment_status":"closed","ping_status":"open","sticky":false,"template":"","format":"standard","meta":{"_acf_changed":false,"footnotes":""},"categories":[3],"tags":[3681,2358,4964,3918],"class_list":["post-22685","post","type-post","status-publish","format-standard","hentry","category-news","tag-brexit","tag-datenschutzreform","tag-datenstrategie","tag-uk-gdpr"],"acf":[],"yoast_head":"<!-- This site is optimized with the Yoast SEO plugin v27.5 - https:\/\/yoast.com\/product\/yoast-seo-wordpress\/ -->\n<title>Britische Daten(schutz)reform - IITR<\/title>\n<meta name=\"description\" content=\"Das britische Parlament hat den Data (Use and Access) Bill verabschiedet, welcher sp\u00e4ter auch die k\u00f6nigliche Zustimmungerhalten hat.\" \/>\n<meta name=\"robots\" content=\"index, follow, max-snippet:-1, max-image-preview:large, max-video-preview:-1\" \/>\n<link rel=\"canonical\" href=\"https:\/\/www.iitr.de\/blog\/britische-datenschutzreform\/22685\/\" \/>\n<meta property=\"og:locale\" content=\"de_DE\" \/>\n<meta property=\"og:type\" content=\"article\" \/>\n<meta property=\"og:title\" content=\"Britische Daten(schutz)reform - IITR\" \/>\n<meta property=\"og:description\" content=\"Das britische Parlament hat den Data (Use and Access) Bill verabschiedet, welcher sp\u00e4ter auch die k\u00f6nigliche Zustimmungerhalten hat.\" \/>\n<meta property=\"og:url\" content=\"https:\/\/www.iitr.de\/blog\/britische-datenschutzreform\/22685\/\" \/>\n<meta property=\"og:site_name\" content=\"Das Datenschutz-Blog\" \/>\n<meta property=\"article:published_time\" content=\"2025-06-23T07:08:57+00:00\" \/>\n<meta property=\"article:modified_time\" content=\"2025-09-03T11:24:59+00:00\" \/>\n<meta name=\"author\" content=\"Michael Wehowsky\" \/>\n<meta name=\"twitter:card\" content=\"summary_large_image\" \/>\n<meta name=\"twitter:creator\" content=\"@sebkraska\" \/>\n<meta name=\"twitter:site\" content=\"@sebkraska\" \/>\n<meta name=\"twitter:label1\" content=\"Geschrieben von\" \/>\n\t<meta name=\"twitter:data1\" content=\"Michael Wehowsky\" \/>\n\t<meta name=\"twitter:label2\" content=\"Gesch\u00e4tzte Lesezeit\" \/>\n\t<meta name=\"twitter:data2\" content=\"2\u00a0Minuten\" \/>\n<script type=\"application\/ld+json\" class=\"yoast-schema-graph\">{\"@context\":\"https:\\\/\\\/schema.org\",\"@graph\":[{\"@type\":\"Article\",\"@id\":\"https:\\\/\\\/www.iitr.de\\\/blog\\\/britische-datenschutzreform\\\/22685\\\/#article\",\"isPartOf\":{\"@id\":\"https:\\\/\\\/www.iitr.de\\\/blog\\\/britische-datenschutzreform\\\/22685\\\/\"},\"author\":{\"name\":\"Michael Wehowsky\",\"@id\":\"https:\\\/\\\/www.iitr.de\\\/blog\\\/#\\\/schema\\\/person\\\/c472b6bbc0ed796e5bb019b689c73e80\"},\"headline\":\"Britische Daten(schutz)reform\",\"datePublished\":\"2025-06-23T07:08:57+00:00\",\"dateModified\":\"2025-09-03T11:24:59+00:00\",\"mainEntityOfPage\":{\"@id\":\"https:\\\/\\\/www.iitr.de\\\/blog\\\/britische-datenschutzreform\\\/22685\\\/\"},\"wordCount\":334,\"publisher\":{\"@id\":\"https:\\\/\\\/www.iitr.de\\\/blog\\\/#organization\"},\"keywords\":[\"Brexit\",\"Datenschutzreform\",\"Datenstrategie\",\"UK GDPR\"],\"articleSection\":[\"Datenschutz-News\"],\"inLanguage\":\"de\"},{\"@type\":\"WebPage\",\"@id\":\"https:\\\/\\\/www.iitr.de\\\/blog\\\/britische-datenschutzreform\\\/22685\\\/\",\"url\":\"https:\\\/\\\/www.iitr.de\\\/blog\\\/britische-datenschutzreform\\\/22685\\\/\",\"name\":\"Britische Daten(schutz)reform - IITR\",\"isPartOf\":{\"@id\":\"https:\\\/\\\/www.iitr.de\\\/blog\\\/#website\"},\"datePublished\":\"2025-06-23T07:08:57+00:00\",\"dateModified\":\"2025-09-03T11:24:59+00:00\",\"description\":\"Das britische Parlament hat den Data (Use and Access) Bill verabschiedet, welcher sp\u00e4ter auch die k\u00f6nigliche Zustimmungerhalten hat.\",\"breadcrumb\":{\"@id\":\"https:\\\/\\\/www.iitr.de\\\/blog\\\/britische-datenschutzreform\\\/22685\\\/#breadcrumb\"},\"inLanguage\":\"de\",\"potentialAction\":[{\"@type\":\"ReadAction\",\"target\":[\"https:\\\/\\\/www.iitr.de\\\/blog\\\/britische-datenschutzreform\\\/22685\\\/\"]}]},{\"@type\":\"BreadcrumbList\",\"@id\":\"https:\\\/\\\/www.iitr.de\\\/blog\\\/britische-datenschutzreform\\\/22685\\\/#breadcrumb\",\"itemListElement\":[{\"@type\":\"ListItem\",\"position\":1,\"name\":\"Startseite\",\"item\":\"https:\\\/\\\/www.iitr.de\\\/blog\\\/\"},{\"@type\":\"ListItem\",\"position\":2,\"name\":\"Britische Daten(schutz)reform\"}]},{\"@type\":\"WebSite\",\"@id\":\"https:\\\/\\\/www.iitr.de\\\/blog\\\/#website\",\"url\":\"https:\\\/\\\/www.iitr.de\\\/blog\\\/\",\"name\":\"Das Datenschutz-Blog\",\"description\":\"IITR\",\"publisher\":{\"@id\":\"https:\\\/\\\/www.iitr.de\\\/blog\\\/#organization\"},\"potentialAction\":[{\"@type\":\"SearchAction\",\"target\":{\"@type\":\"EntryPoint\",\"urlTemplate\":\"https:\\\/\\\/www.iitr.de\\\/blog\\\/?s={search_term_string}\"},\"query-input\":{\"@type\":\"PropertyValueSpecification\",\"valueRequired\":true,\"valueName\":\"search_term_string\"}}],\"inLanguage\":\"de\"},{\"@type\":\"Organization\",\"@id\":\"https:\\\/\\\/www.iitr.de\\\/blog\\\/#organization\",\"name\":\"IITR Datenschutz GmbH\",\"url\":\"https:\\\/\\\/www.iitr.de\\\/blog\\\/\",\"logo\":{\"@type\":\"ImageObject\",\"inLanguage\":\"de\",\"@id\":\"https:\\\/\\\/www.iitr.de\\\/blog\\\/#\\\/schema\\\/logo\\\/image\\\/\",\"url\":\"https:\\\/\\\/www.iitr.de\\\/blog\\\/wp-content\\\/uploads\\\/2020\\\/09\\\/externer-datenschutzbeauftragter-iitr-gross.jpg\",\"contentUrl\":\"https:\\\/\\\/www.iitr.de\\\/blog\\\/wp-content\\\/uploads\\\/2020\\\/09\\\/externer-datenschutzbeauftragter-iitr-gross.jpg\",\"width\":294,\"height\":100,\"caption\":\"IITR Datenschutz GmbH\"},\"image\":{\"@id\":\"https:\\\/\\\/www.iitr.de\\\/blog\\\/#\\\/schema\\\/logo\\\/image\\\/\"},\"sameAs\":[\"https:\\\/\\\/x.com\\\/sebkraska\",\"https:\\\/\\\/www.youtube.com\\\/user\\\/datenschutzvideos\\\/\"]},{\"@type\":\"Person\",\"@id\":\"https:\\\/\\\/www.iitr.de\\\/blog\\\/#\\\/schema\\\/person\\\/c472b6bbc0ed796e5bb019b689c73e80\",\"name\":\"Michael Wehowsky\"}]}<\/script>\n<!-- \/ Yoast SEO plugin. -->","yoast_head_json":{"title":"Britische Daten(schutz)reform - IITR","description":"Das britische Parlament hat den Data (Use and Access) Bill verabschiedet, welcher sp\u00e4ter auch die k\u00f6nigliche Zustimmungerhalten hat.","robots":{"index":"index","follow":"follow","max-snippet":"max-snippet:-1","max-image-preview":"max-image-preview:large","max-video-preview":"max-video-preview:-1"},"canonical":"https:\/\/www.iitr.de\/blog\/britische-datenschutzreform\/22685\/","og_locale":"de_DE","og_type":"article","og_title":"Britische Daten(schutz)reform - IITR","og_description":"Das britische Parlament hat den Data (Use and Access) Bill verabschiedet, welcher sp\u00e4ter auch die k\u00f6nigliche Zustimmungerhalten hat.","og_url":"https:\/\/www.iitr.de\/blog\/britische-datenschutzreform\/22685\/","og_site_name":"Das Datenschutz-Blog","article_published_time":"2025-06-23T07:08:57+00:00","article_modified_time":"2025-09-03T11:24:59+00:00","author":"Michael Wehowsky","twitter_card":"summary_large_image","twitter_creator":"@sebkraska","twitter_site":"@sebkraska","twitter_misc":{"Geschrieben von":"Michael Wehowsky","Gesch\u00e4tzte Lesezeit":"2\u00a0Minuten"},"schema":{"@context":"https:\/\/schema.org","@graph":[{"@type":"Article","@id":"https:\/\/www.iitr.de\/blog\/britische-datenschutzreform\/22685\/#article","isPartOf":{"@id":"https:\/\/www.iitr.de\/blog\/britische-datenschutzreform\/22685\/"},"author":{"name":"Michael Wehowsky","@id":"https:\/\/www.iitr.de\/blog\/#\/schema\/person\/c472b6bbc0ed796e5bb019b689c73e80"},"headline":"Britische Daten(schutz)reform","datePublished":"2025-06-23T07:08:57+00:00","dateModified":"2025-09-03T11:24:59+00:00","mainEntityOfPage":{"@id":"https:\/\/www.iitr.de\/blog\/britische-datenschutzreform\/22685\/"},"wordCount":334,"publisher":{"@id":"https:\/\/www.iitr.de\/blog\/#organization"},"keywords":["Brexit","Datenschutzreform","Datenstrategie","UK GDPR"],"articleSection":["Datenschutz-News"],"inLanguage":"de"},{"@type":"WebPage","@id":"https:\/\/www.iitr.de\/blog\/britische-datenschutzreform\/22685\/","url":"https:\/\/www.iitr.de\/blog\/britische-datenschutzreform\/22685\/","name":"Britische Daten(schutz)reform - IITR","isPartOf":{"@id":"https:\/\/www.iitr.de\/blog\/#website"},"datePublished":"2025-06-23T07:08:57+00:00","dateModified":"2025-09-03T11:24:59+00:00","description":"Das britische Parlament hat den Data (Use and Access) Bill verabschiedet, welcher sp\u00e4ter auch die k\u00f6nigliche Zustimmungerhalten hat.","breadcrumb":{"@id":"https:\/\/www.iitr.de\/blog\/britische-datenschutzreform\/22685\/#breadcrumb"},"inLanguage":"de","potentialAction":[{"@type":"ReadAction","target":["https:\/\/www.iitr.de\/blog\/britische-datenschutzreform\/22685\/"]}]},{"@type":"BreadcrumbList","@id":"https:\/\/www.iitr.de\/blog\/britische-datenschutzreform\/22685\/#breadcrumb","itemListElement":[{"@type":"ListItem","position":1,"name":"Startseite","item":"https:\/\/www.iitr.de\/blog\/"},{"@type":"ListItem","position":2,"name":"Britische Daten(schutz)reform"}]},{"@type":"WebSite","@id":"https:\/\/www.iitr.de\/blog\/#website","url":"https:\/\/www.iitr.de\/blog\/","name":"Das Datenschutz-Blog","description":"IITR","publisher":{"@id":"https:\/\/www.iitr.de\/blog\/#organization"},"potentialAction":[{"@type":"SearchAction","target":{"@type":"EntryPoint","urlTemplate":"https:\/\/www.iitr.de\/blog\/?s={search_term_string}"},"query-input":{"@type":"PropertyValueSpecification","valueRequired":true,"valueName":"search_term_string"}}],"inLanguage":"de"},{"@type":"Organization","@id":"https:\/\/www.iitr.de\/blog\/#organization","name":"IITR Datenschutz GmbH","url":"https:\/\/www.iitr.de\/blog\/","logo":{"@type":"ImageObject","inLanguage":"de","@id":"https:\/\/www.iitr.de\/blog\/#\/schema\/logo\/image\/","url":"https:\/\/www.iitr.de\/blog\/wp-content\/uploads\/2020\/09\/externer-datenschutzbeauftragter-iitr-gross.jpg","contentUrl":"https:\/\/www.iitr.de\/blog\/wp-content\/uploads\/2020\/09\/externer-datenschutzbeauftragter-iitr-gross.jpg","width":294,"height":100,"caption":"IITR Datenschutz GmbH"},"image":{"@id":"https:\/\/www.iitr.de\/blog\/#\/schema\/logo\/image\/"},"sameAs":["https:\/\/x.com\/sebkraska","https:\/\/www.youtube.com\/user\/datenschutzvideos\/"]},{"@type":"Person","@id":"https:\/\/www.iitr.de\/blog\/#\/schema\/person\/c472b6bbc0ed796e5bb019b689c73e80","name":"Michael Wehowsky"}]}},"_links":{"self":[{"href":"https:\/\/www.iitr.de\/blog\/wp-json\/wp\/v2\/posts\/22685","targetHints":{"allow":["GET"]}}],"collection":[{"href":"https:\/\/www.iitr.de\/blog\/wp-json\/wp\/v2\/posts"}],"about":[{"href":"https:\/\/www.iitr.de\/blog\/wp-json\/wp\/v2\/types\/post"}],"author":[{"embeddable":true,"href":"https:\/\/www.iitr.de\/blog\/wp-json\/wp\/v2\/users\/25"}],"replies":[{"embeddable":true,"href":"https:\/\/www.iitr.de\/blog\/wp-json\/wp\/v2\/comments?post=22685"}],"version-history":[{"count":2,"href":"https:\/\/www.iitr.de\/blog\/wp-json\/wp\/v2\/posts\/22685\/revisions"}],"predecessor-version":[{"id":22687,"href":"https:\/\/www.iitr.de\/blog\/wp-json\/wp\/v2\/posts\/22685\/revisions\/22687"}],"wp:attachment":[{"href":"https:\/\/www.iitr.de\/blog\/wp-json\/wp\/v2\/media?parent=22685"}],"wp:term":[{"taxonomy":"category","embeddable":true,"href":"https:\/\/www.iitr.de\/blog\/wp-json\/wp\/v2\/categories?post=22685"},{"taxonomy":"post_tag","embeddable":true,"href":"https:\/\/www.iitr.de\/blog\/wp-json\/wp\/v2\/tags?post=22685"}],"curies":[{"name":"wp","href":"https:\/\/api.w.org\/{rel}","templated":true}]}}