{"id":21930,"date":"2025-01-15T11:54:26","date_gmt":"2025-01-15T10:54:26","guid":{"rendered":"https:\/\/www.iitr.de\/blog\/?p=21930"},"modified":"2025-05-13T09:11:20","modified_gmt":"2025-05-13T07:11:20","slug":"der-datenschutz-in-seiner-oeffentlichen-wahrnehmung","status":"publish","type":"post","link":"https:\/\/www.iitr.de\/blog\/der-datenschutz-in-seiner-oeffentlichen-wahrnehmung\/21930\/","title":{"rendered":"Der Datenschutz in seiner \u00f6ffentlichen Wahrnehmung"},"content":{"rendered":"<p>Datenschutz sch\u00fctzt Daten, hei\u00dft es. Eigentlich soll durch den Datenschutz die Privatsph\u00e4re des B\u00fcrgers gesch\u00fctzt werden. Mit dem &#8222;Volksz\u00e4hlungsurteil&#8220; von 1983 wurde dieser Gedanke vom Bundesverfassungsgericht als informelles Selbstbestimmungsrecht den Grundrechten mit folgender Begr\u00fcndung hinzugef\u00fcgt:<\/p>\n<p>Die <a href=\"https:\/\/www.bundesverfassungsgericht.de\/SharedDocs\/Entscheidungen\/DE\/1983\/12\/rs19831215_1bvr020983.html\" target=\"_blank\" rel=\"noopener\">zentrale Stelle der Entscheidung<\/a> (unter C II 1 a) lautet:<\/p>\n<blockquote><p>&#8222;Mit dem Recht auf informationelle Selbstbestimmung w\u00e4ren eine Gesellschaftsordnung und eine diese erm\u00f6glichende Rechtsordnung nicht vereinbar, in der B\u00fcrger nicht mehr wissen k\u00f6nnen, wer was wann und bei welcher Gelegenheit \u00fcber sie wei\u00df. Wer unsicher ist, ob abweichende Verhaltensweisen jederzeit notiert und als Information dauerhaft gespeichert, verwendet oder weitergegeben werden, wird versuchen, nicht durch solche Verhaltensweisen aufzufallen. [\u2026] Dies w\u00fcrde nicht nur die individuellen Entfaltungschancen des Einzelnen beeintr\u00e4chtigen, sondern auch das Gemeinwohl, weil Selbstbestimmung eine elementare Funktionsbedingung eines auf Handlungsf\u00e4higkeit und Mitwirkungsf\u00e4higkeit seiner B\u00fcrger begr\u00fcndeten freiheitlichen demokratischen Gemeinwesens ist. Hieraus folgt: Freie Entfaltung der Pers\u00f6nlichkeit setzt unter den modernen Bedingungen der Datenverarbeitung den Schutz des Einzelnen gegen unbegrenzte Erhebung, Speicherung, Verwendung und Weitergabe seiner pers\u00f6nlichen Daten voraus. Dieser Schutz ist daher von dem Grundrecht des Art. 2 Abs. 1 in Verbindung mit Art. 1 Abs. 1 GG umfasst. Das Grundrecht gew\u00e4hrleistet insoweit die Befugnis des Einzelnen, grunds\u00e4tzlich selbst \u00fcber die Preisgabe und Verwendung seiner pers\u00f6nlichen Daten zu bestimmen.&#8220;<\/p><\/blockquote>\n<p>Weiter hei\u00dft es dort:<\/p>\n<blockquote><p>&#8222;Wer damit rechnet, da\u00df etwa die Teilnahme an einer Versammlung oder einer B\u00fcrgerinitiative beh\u00f6rdlich registriert wird und da\u00df ihm dadurch Risiken entstehen k\u00f6nnen, wird m\u00f6glicherweise auf eine Aus\u00fcbung seiner entsprechenden Grundrechte (Art. 8, 9 GG) verzichten.&#8220;<\/p><\/blockquote>\n<p>Eine Verst\u00e4ndigung der Menschen untereinander geschieht in der Regel aufgrund der Vermittlung bildhafter Vorstellungen. Das menschliche Gehirn, genauer das limbische System, arbeitet analog, eine auf Abstraktionen aufbauende Verst\u00e4ndigung ist eher die Ausnahme. F\u00fcr Belange des Datenschutzes jedoch hat die evolution\u00e4re Entwicklung des Menschen keine bildhaften Vorstellungen hervorbringen k\u00f6nnen, was das Verst\u00e4ndnis f\u00fcr, sowie eine Verst\u00e4ndigung \u00fcber den Datenschutz belastet.<\/p>\n<p>Auf der Suche nach einer ersatzweise repr\u00e4sentativen Abbildung setzte sich das Vorh\u00e4ngeschloss als bildhafte Darstellung f\u00fcr den Datenschutz durch.<\/p>\n<p>Das nur rudiment\u00e4r vorhandene Verst\u00e4ndnis des Schutzes der Privatsph\u00e4re des B\u00fcrgers schlug sich also nieder nicht nur in der allenfalls ungef\u00e4hren Benamung \u201eDatenschutz\u201c, sondern auch in einer unpr\u00e4zisen bildhaften Darstellung.<\/p>\n<p>Datenschutz ist kein Selbstzweck, auch wenn viele dies auf den ersten Blick nun so zu verstehen scheinen. Der Schutz der Privatsph\u00e4re des B\u00fcrgers hat hohe Relevanz f\u00fcr die Entwicklung jeder Gesellschaft.<\/p>\n<p>Dies bildhaft auszudr\u00fccken gelingt nicht durch das Vorh\u00e4ngeschloss.<\/p>\n<p>Daher haben wir uns entschlossen, eine positive Bildersprache f\u00fcr das Anliegen des Datenschutzes anzubieten, mit welchem der Mensch sich in einem lichtvollen Zusammenhang mit seiner Zukunft befindet.<\/p>\n<figure id=\"attachment_21941\" aria-describedby=\"caption-attachment-21941\" style=\"width: 300px\" class=\"wp-caption aligncenter\"><a href=\"https:\/\/www.iitr.de\/blog\/wp-content\/uploads\/2025\/01\/vision-datenschutz-1.jpg\"><img loading=\"lazy\" decoding=\"async\" class=\"size-medium wp-image-21941\" src=\"https:\/\/www.iitr.de\/blog\/wp-content\/uploads\/2025\/01\/vision-datenschutz-1-300x300.jpg\" alt=\"Vision Datenschutz\" width=\"300\" height=\"300\" srcset=\"https:\/\/www.iitr.de\/blog\/wp-content\/uploads\/2025\/01\/vision-datenschutz-1-300x300.jpg 300w, https:\/\/www.iitr.de\/blog\/wp-content\/uploads\/2025\/01\/vision-datenschutz-1-1024x1024.jpg 1024w, https:\/\/www.iitr.de\/blog\/wp-content\/uploads\/2025\/01\/vision-datenschutz-1-150x150.jpg 150w, https:\/\/www.iitr.de\/blog\/wp-content\/uploads\/2025\/01\/vision-datenschutz-1-768x768.jpg 768w, https:\/\/www.iitr.de\/blog\/wp-content\/uploads\/2025\/01\/vision-datenschutz-1-1536x1536.jpg 1536w, https:\/\/www.iitr.de\/blog\/wp-content\/uploads\/2025\/01\/vision-datenschutz-1-2048x2048.jpg 2048w, https:\/\/www.iitr.de\/blog\/wp-content\/uploads\/2025\/01\/vision-datenschutz-1-120x120.jpg 120w\" sizes=\"auto, (max-width: 300px) 100vw, 300px\" \/><\/a><figcaption id=\"caption-attachment-21941\" class=\"wp-caption-text\">.<\/figcaption><\/figure>\n<p style=\"text-align: left;\">Diese Abbildung wurde mit dem Zusatz \u201cDatenschutz-Kit\u201d als Word-Bild-Marke eingetragen.<\/p>\n<p style=\"text-align: left;\"><strong>Autor: Eckehard Kraska<\/strong><\/p>\n","protected":false},"excerpt":{"rendered":"<p>Datenschutz sch\u00fctzt Daten, hei\u00dft es. Eigentlich soll durch den Datenschutz die Privatsph\u00e4re des B\u00fcrgers gesch\u00fctzt werden. Mit dem &#8222;Volksz\u00e4hlungsurteil&#8220; von 1983 wurde dieser Gedanke vom Bundesverfassungsgericht als informelles Selbstbestimmungsrecht den Grundrechten mit folgender Begr\u00fcndung hinzugef\u00fcgt: Die zentrale Stelle der Entscheidung (unter C II 1 a) lautet: &#8222;Mit dem Recht auf informationelle Selbstbestimmung w\u00e4ren eine Gesellschaftsordnung &hellip; <a href=\"https:\/\/www.iitr.de\/blog\/der-datenschutz-in-seiner-oeffentlichen-wahrnehmung\/21930\/\" class=\"more-link\"><span class=\"screen-reader-text\">Der Datenschutz in seiner \u00f6ffentlichen Wahrnehmung<\/span> weiterlesen<\/a><\/p>\n","protected":false},"author":14,"featured_media":0,"comment_status":"open","ping_status":"open","sticky":false,"template":"","format":"standard","meta":{"_acf_changed":false,"footnotes":""},"categories":[3],"tags":[5248,16],"class_list":["post-21930","post","type-post","status-publish","format-standard","hentry","category-news","tag-bildsprache","tag-datenschutz"],"acf":[],"yoast_head":"<!-- This site is optimized with the Yoast SEO plugin v27.5 - https:\/\/yoast.com\/product\/yoast-seo-wordpress\/ -->\n<title>Der Datenschutz in seiner \u00f6ffentlichen Wahrnehmung - IITR<\/title>\n<meta name=\"description\" content=\"Datenschutz sch\u00fctzt Daten, hei\u00dft es. Eigentlich soll durch den Datenschutz die Privatsph\u00e4re des B\u00fcrgers gesch\u00fctzt werden. Mit dem &quot;Volksz\u00e4hlungsurteil&quot;\" \/>\n<meta name=\"robots\" content=\"index, follow, max-snippet:-1, max-image-preview:large, max-video-preview:-1\" \/>\n<link rel=\"canonical\" href=\"https:\/\/www.iitr.de\/blog\/der-datenschutz-in-seiner-oeffentlichen-wahrnehmung\/21930\/\" \/>\n<meta property=\"og:locale\" content=\"de_DE\" \/>\n<meta property=\"og:type\" content=\"article\" \/>\n<meta property=\"og:title\" content=\"Der Datenschutz in seiner \u00f6ffentlichen Wahrnehmung - IITR\" \/>\n<meta property=\"og:description\" content=\"Datenschutz sch\u00fctzt Daten, hei\u00dft es. Eigentlich soll durch den Datenschutz die Privatsph\u00e4re des B\u00fcrgers gesch\u00fctzt werden. Mit dem &quot;Volksz\u00e4hlungsurteil&quot;\" \/>\n<meta property=\"og:url\" content=\"https:\/\/www.iitr.de\/blog\/der-datenschutz-in-seiner-oeffentlichen-wahrnehmung\/21930\/\" \/>\n<meta property=\"og:site_name\" content=\"Das Datenschutz-Blog\" \/>\n<meta property=\"article:published_time\" content=\"2025-01-15T10:54:26+00:00\" \/>\n<meta property=\"article:modified_time\" content=\"2025-05-13T07:11:20+00:00\" \/>\n<meta property=\"og:image\" content=\"https:\/\/www.iitr.de\/blog\/wp-content\/uploads\/2025\/01\/vision-datenschutz-1.jpg\" \/>\n\t<meta property=\"og:image:width\" content=\"2480\" \/>\n\t<meta property=\"og:image:height\" content=\"2480\" \/>\n\t<meta property=\"og:image:type\" content=\"image\/jpeg\" \/>\n<meta name=\"author\" content=\"Sebastian Kraska\" \/>\n<meta name=\"twitter:card\" content=\"summary_large_image\" \/>\n<meta name=\"twitter:creator\" content=\"@sebkraska\" \/>\n<meta name=\"twitter:site\" content=\"@sebkraska\" \/>\n<meta name=\"twitter:label1\" content=\"Geschrieben von\" \/>\n\t<meta name=\"twitter:data1\" content=\"Sebastian Kraska\" \/>\n\t<meta name=\"twitter:label2\" content=\"Gesch\u00e4tzte Lesezeit\" \/>\n\t<meta name=\"twitter:data2\" content=\"2\u00a0Minuten\" \/>\n<script type=\"application\/ld+json\" class=\"yoast-schema-graph\">{\"@context\":\"https:\\\/\\\/schema.org\",\"@graph\":[{\"@type\":\"Article\",\"@id\":\"https:\\\/\\\/www.iitr.de\\\/blog\\\/der-datenschutz-in-seiner-oeffentlichen-wahrnehmung\\\/21930\\\/#article\",\"isPartOf\":{\"@id\":\"https:\\\/\\\/www.iitr.de\\\/blog\\\/der-datenschutz-in-seiner-oeffentlichen-wahrnehmung\\\/21930\\\/\"},\"author\":{\"name\":\"Sebastian Kraska\",\"@id\":\"https:\\\/\\\/www.iitr.de\\\/blog\\\/#\\\/schema\\\/person\\\/632d8781fda6b4fe5a5196f8dff9a01e\"},\"headline\":\"Der Datenschutz in seiner \u00f6ffentlichen Wahrnehmung\",\"datePublished\":\"2025-01-15T10:54:26+00:00\",\"dateModified\":\"2025-05-13T07:11:20+00:00\",\"mainEntityOfPage\":{\"@id\":\"https:\\\/\\\/www.iitr.de\\\/blog\\\/der-datenschutz-in-seiner-oeffentlichen-wahrnehmung\\\/21930\\\/\"},\"wordCount\":487,\"commentCount\":0,\"publisher\":{\"@id\":\"https:\\\/\\\/www.iitr.de\\\/blog\\\/#organization\"},\"image\":{\"@id\":\"https:\\\/\\\/www.iitr.de\\\/blog\\\/der-datenschutz-in-seiner-oeffentlichen-wahrnehmung\\\/21930\\\/#primaryimage\"},\"thumbnailUrl\":\"https:\\\/\\\/www.iitr.de\\\/blog\\\/wp-content\\\/uploads\\\/2025\\\/01\\\/vision-datenschutz-1-300x300.jpg\",\"keywords\":[\"Bildsprache\",\"datenschutz\"],\"articleSection\":[\"Datenschutz-News\"],\"inLanguage\":\"de\",\"potentialAction\":[{\"@type\":\"CommentAction\",\"name\":\"Comment\",\"target\":[\"https:\\\/\\\/www.iitr.de\\\/blog\\\/der-datenschutz-in-seiner-oeffentlichen-wahrnehmung\\\/21930\\\/#respond\"]}]},{\"@type\":\"WebPage\",\"@id\":\"https:\\\/\\\/www.iitr.de\\\/blog\\\/der-datenschutz-in-seiner-oeffentlichen-wahrnehmung\\\/21930\\\/\",\"url\":\"https:\\\/\\\/www.iitr.de\\\/blog\\\/der-datenschutz-in-seiner-oeffentlichen-wahrnehmung\\\/21930\\\/\",\"name\":\"Der Datenschutz in seiner \u00f6ffentlichen Wahrnehmung - IITR\",\"isPartOf\":{\"@id\":\"https:\\\/\\\/www.iitr.de\\\/blog\\\/#website\"},\"primaryImageOfPage\":{\"@id\":\"https:\\\/\\\/www.iitr.de\\\/blog\\\/der-datenschutz-in-seiner-oeffentlichen-wahrnehmung\\\/21930\\\/#primaryimage\"},\"image\":{\"@id\":\"https:\\\/\\\/www.iitr.de\\\/blog\\\/der-datenschutz-in-seiner-oeffentlichen-wahrnehmung\\\/21930\\\/#primaryimage\"},\"thumbnailUrl\":\"https:\\\/\\\/www.iitr.de\\\/blog\\\/wp-content\\\/uploads\\\/2025\\\/01\\\/vision-datenschutz-1-300x300.jpg\",\"datePublished\":\"2025-01-15T10:54:26+00:00\",\"dateModified\":\"2025-05-13T07:11:20+00:00\",\"description\":\"Datenschutz sch\u00fctzt Daten, hei\u00dft es. Eigentlich soll durch den Datenschutz die Privatsph\u00e4re des B\u00fcrgers gesch\u00fctzt werden. Mit dem \\\"Volksz\u00e4hlungsurteil\\\"\",\"breadcrumb\":{\"@id\":\"https:\\\/\\\/www.iitr.de\\\/blog\\\/der-datenschutz-in-seiner-oeffentlichen-wahrnehmung\\\/21930\\\/#breadcrumb\"},\"inLanguage\":\"de\",\"potentialAction\":[{\"@type\":\"ReadAction\",\"target\":[\"https:\\\/\\\/www.iitr.de\\\/blog\\\/der-datenschutz-in-seiner-oeffentlichen-wahrnehmung\\\/21930\\\/\"]}]},{\"@type\":\"ImageObject\",\"inLanguage\":\"de\",\"@id\":\"https:\\\/\\\/www.iitr.de\\\/blog\\\/der-datenschutz-in-seiner-oeffentlichen-wahrnehmung\\\/21930\\\/#primaryimage\",\"url\":\"https:\\\/\\\/www.iitr.de\\\/blog\\\/wp-content\\\/uploads\\\/2025\\\/01\\\/vision-datenschutz-1.jpg\",\"contentUrl\":\"https:\\\/\\\/www.iitr.de\\\/blog\\\/wp-content\\\/uploads\\\/2025\\\/01\\\/vision-datenschutz-1.jpg\",\"width\":2480,\"height\":2480,\"caption\":\".\"},{\"@type\":\"BreadcrumbList\",\"@id\":\"https:\\\/\\\/www.iitr.de\\\/blog\\\/der-datenschutz-in-seiner-oeffentlichen-wahrnehmung\\\/21930\\\/#breadcrumb\",\"itemListElement\":[{\"@type\":\"ListItem\",\"position\":1,\"name\":\"Startseite\",\"item\":\"https:\\\/\\\/www.iitr.de\\\/blog\\\/\"},{\"@type\":\"ListItem\",\"position\":2,\"name\":\"Der Datenschutz in seiner \u00f6ffentlichen Wahrnehmung\"}]},{\"@type\":\"WebSite\",\"@id\":\"https:\\\/\\\/www.iitr.de\\\/blog\\\/#website\",\"url\":\"https:\\\/\\\/www.iitr.de\\\/blog\\\/\",\"name\":\"Das Datenschutz-Blog\",\"description\":\"IITR\",\"publisher\":{\"@id\":\"https:\\\/\\\/www.iitr.de\\\/blog\\\/#organization\"},\"potentialAction\":[{\"@type\":\"SearchAction\",\"target\":{\"@type\":\"EntryPoint\",\"urlTemplate\":\"https:\\\/\\\/www.iitr.de\\\/blog\\\/?s={search_term_string}\"},\"query-input\":{\"@type\":\"PropertyValueSpecification\",\"valueRequired\":true,\"valueName\":\"search_term_string\"}}],\"inLanguage\":\"de\"},{\"@type\":\"Organization\",\"@id\":\"https:\\\/\\\/www.iitr.de\\\/blog\\\/#organization\",\"name\":\"IITR Datenschutz GmbH\",\"url\":\"https:\\\/\\\/www.iitr.de\\\/blog\\\/\",\"logo\":{\"@type\":\"ImageObject\",\"inLanguage\":\"de\",\"@id\":\"https:\\\/\\\/www.iitr.de\\\/blog\\\/#\\\/schema\\\/logo\\\/image\\\/\",\"url\":\"https:\\\/\\\/www.iitr.de\\\/blog\\\/wp-content\\\/uploads\\\/2020\\\/09\\\/externer-datenschutzbeauftragter-iitr-gross.jpg\",\"contentUrl\":\"https:\\\/\\\/www.iitr.de\\\/blog\\\/wp-content\\\/uploads\\\/2020\\\/09\\\/externer-datenschutzbeauftragter-iitr-gross.jpg\",\"width\":294,\"height\":100,\"caption\":\"IITR Datenschutz GmbH\"},\"image\":{\"@id\":\"https:\\\/\\\/www.iitr.de\\\/blog\\\/#\\\/schema\\\/logo\\\/image\\\/\"},\"sameAs\":[\"https:\\\/\\\/x.com\\\/sebkraska\",\"https:\\\/\\\/www.youtube.com\\\/user\\\/datenschutzvideos\\\/\"]},{\"@type\":\"Person\",\"@id\":\"https:\\\/\\\/www.iitr.de\\\/blog\\\/#\\\/schema\\\/person\\\/632d8781fda6b4fe5a5196f8dff9a01e\",\"name\":\"Sebastian Kraska\"}]}<\/script>\n<!-- \/ Yoast SEO plugin. -->","yoast_head_json":{"title":"Der Datenschutz in seiner \u00f6ffentlichen Wahrnehmung - IITR","description":"Datenschutz sch\u00fctzt Daten, hei\u00dft es. Eigentlich soll durch den Datenschutz die Privatsph\u00e4re des B\u00fcrgers gesch\u00fctzt werden. Mit dem \"Volksz\u00e4hlungsurteil\"","robots":{"index":"index","follow":"follow","max-snippet":"max-snippet:-1","max-image-preview":"max-image-preview:large","max-video-preview":"max-video-preview:-1"},"canonical":"https:\/\/www.iitr.de\/blog\/der-datenschutz-in-seiner-oeffentlichen-wahrnehmung\/21930\/","og_locale":"de_DE","og_type":"article","og_title":"Der Datenschutz in seiner \u00f6ffentlichen Wahrnehmung - IITR","og_description":"Datenschutz sch\u00fctzt Daten, hei\u00dft es. Eigentlich soll durch den Datenschutz die Privatsph\u00e4re des B\u00fcrgers gesch\u00fctzt werden. Mit dem \"Volksz\u00e4hlungsurteil\"","og_url":"https:\/\/www.iitr.de\/blog\/der-datenschutz-in-seiner-oeffentlichen-wahrnehmung\/21930\/","og_site_name":"Das Datenschutz-Blog","article_published_time":"2025-01-15T10:54:26+00:00","article_modified_time":"2025-05-13T07:11:20+00:00","og_image":[{"width":2480,"height":2480,"url":"https:\/\/www.iitr.de\/blog\/wp-content\/uploads\/2025\/01\/vision-datenschutz-1.jpg","type":"image\/jpeg"}],"author":"Sebastian Kraska","twitter_card":"summary_large_image","twitter_creator":"@sebkraska","twitter_site":"@sebkraska","twitter_misc":{"Geschrieben von":"Sebastian Kraska","Gesch\u00e4tzte Lesezeit":"2\u00a0Minuten"},"schema":{"@context":"https:\/\/schema.org","@graph":[{"@type":"Article","@id":"https:\/\/www.iitr.de\/blog\/der-datenschutz-in-seiner-oeffentlichen-wahrnehmung\/21930\/#article","isPartOf":{"@id":"https:\/\/www.iitr.de\/blog\/der-datenschutz-in-seiner-oeffentlichen-wahrnehmung\/21930\/"},"author":{"name":"Sebastian Kraska","@id":"https:\/\/www.iitr.de\/blog\/#\/schema\/person\/632d8781fda6b4fe5a5196f8dff9a01e"},"headline":"Der Datenschutz in seiner \u00f6ffentlichen Wahrnehmung","datePublished":"2025-01-15T10:54:26+00:00","dateModified":"2025-05-13T07:11:20+00:00","mainEntityOfPage":{"@id":"https:\/\/www.iitr.de\/blog\/der-datenschutz-in-seiner-oeffentlichen-wahrnehmung\/21930\/"},"wordCount":487,"commentCount":0,"publisher":{"@id":"https:\/\/www.iitr.de\/blog\/#organization"},"image":{"@id":"https:\/\/www.iitr.de\/blog\/der-datenschutz-in-seiner-oeffentlichen-wahrnehmung\/21930\/#primaryimage"},"thumbnailUrl":"https:\/\/www.iitr.de\/blog\/wp-content\/uploads\/2025\/01\/vision-datenschutz-1-300x300.jpg","keywords":["Bildsprache","datenschutz"],"articleSection":["Datenschutz-News"],"inLanguage":"de","potentialAction":[{"@type":"CommentAction","name":"Comment","target":["https:\/\/www.iitr.de\/blog\/der-datenschutz-in-seiner-oeffentlichen-wahrnehmung\/21930\/#respond"]}]},{"@type":"WebPage","@id":"https:\/\/www.iitr.de\/blog\/der-datenschutz-in-seiner-oeffentlichen-wahrnehmung\/21930\/","url":"https:\/\/www.iitr.de\/blog\/der-datenschutz-in-seiner-oeffentlichen-wahrnehmung\/21930\/","name":"Der Datenschutz in seiner \u00f6ffentlichen Wahrnehmung - IITR","isPartOf":{"@id":"https:\/\/www.iitr.de\/blog\/#website"},"primaryImageOfPage":{"@id":"https:\/\/www.iitr.de\/blog\/der-datenschutz-in-seiner-oeffentlichen-wahrnehmung\/21930\/#primaryimage"},"image":{"@id":"https:\/\/www.iitr.de\/blog\/der-datenschutz-in-seiner-oeffentlichen-wahrnehmung\/21930\/#primaryimage"},"thumbnailUrl":"https:\/\/www.iitr.de\/blog\/wp-content\/uploads\/2025\/01\/vision-datenschutz-1-300x300.jpg","datePublished":"2025-01-15T10:54:26+00:00","dateModified":"2025-05-13T07:11:20+00:00","description":"Datenschutz sch\u00fctzt Daten, hei\u00dft es. Eigentlich soll durch den Datenschutz die Privatsph\u00e4re des B\u00fcrgers gesch\u00fctzt werden. Mit dem \"Volksz\u00e4hlungsurteil\"","breadcrumb":{"@id":"https:\/\/www.iitr.de\/blog\/der-datenschutz-in-seiner-oeffentlichen-wahrnehmung\/21930\/#breadcrumb"},"inLanguage":"de","potentialAction":[{"@type":"ReadAction","target":["https:\/\/www.iitr.de\/blog\/der-datenschutz-in-seiner-oeffentlichen-wahrnehmung\/21930\/"]}]},{"@type":"ImageObject","inLanguage":"de","@id":"https:\/\/www.iitr.de\/blog\/der-datenschutz-in-seiner-oeffentlichen-wahrnehmung\/21930\/#primaryimage","url":"https:\/\/www.iitr.de\/blog\/wp-content\/uploads\/2025\/01\/vision-datenschutz-1.jpg","contentUrl":"https:\/\/www.iitr.de\/blog\/wp-content\/uploads\/2025\/01\/vision-datenschutz-1.jpg","width":2480,"height":2480,"caption":"."},{"@type":"BreadcrumbList","@id":"https:\/\/www.iitr.de\/blog\/der-datenschutz-in-seiner-oeffentlichen-wahrnehmung\/21930\/#breadcrumb","itemListElement":[{"@type":"ListItem","position":1,"name":"Startseite","item":"https:\/\/www.iitr.de\/blog\/"},{"@type":"ListItem","position":2,"name":"Der Datenschutz in seiner \u00f6ffentlichen Wahrnehmung"}]},{"@type":"WebSite","@id":"https:\/\/www.iitr.de\/blog\/#website","url":"https:\/\/www.iitr.de\/blog\/","name":"Das Datenschutz-Blog","description":"IITR","publisher":{"@id":"https:\/\/www.iitr.de\/blog\/#organization"},"potentialAction":[{"@type":"SearchAction","target":{"@type":"EntryPoint","urlTemplate":"https:\/\/www.iitr.de\/blog\/?s={search_term_string}"},"query-input":{"@type":"PropertyValueSpecification","valueRequired":true,"valueName":"search_term_string"}}],"inLanguage":"de"},{"@type":"Organization","@id":"https:\/\/www.iitr.de\/blog\/#organization","name":"IITR Datenschutz GmbH","url":"https:\/\/www.iitr.de\/blog\/","logo":{"@type":"ImageObject","inLanguage":"de","@id":"https:\/\/www.iitr.de\/blog\/#\/schema\/logo\/image\/","url":"https:\/\/www.iitr.de\/blog\/wp-content\/uploads\/2020\/09\/externer-datenschutzbeauftragter-iitr-gross.jpg","contentUrl":"https:\/\/www.iitr.de\/blog\/wp-content\/uploads\/2020\/09\/externer-datenschutzbeauftragter-iitr-gross.jpg","width":294,"height":100,"caption":"IITR Datenschutz GmbH"},"image":{"@id":"https:\/\/www.iitr.de\/blog\/#\/schema\/logo\/image\/"},"sameAs":["https:\/\/x.com\/sebkraska","https:\/\/www.youtube.com\/user\/datenschutzvideos\/"]},{"@type":"Person","@id":"https:\/\/www.iitr.de\/blog\/#\/schema\/person\/632d8781fda6b4fe5a5196f8dff9a01e","name":"Sebastian Kraska"}]}},"_links":{"self":[{"href":"https:\/\/www.iitr.de\/blog\/wp-json\/wp\/v2\/posts\/21930","targetHints":{"allow":["GET"]}}],"collection":[{"href":"https:\/\/www.iitr.de\/blog\/wp-json\/wp\/v2\/posts"}],"about":[{"href":"https:\/\/www.iitr.de\/blog\/wp-json\/wp\/v2\/types\/post"}],"author":[{"embeddable":true,"href":"https:\/\/www.iitr.de\/blog\/wp-json\/wp\/v2\/users\/14"}],"replies":[{"embeddable":true,"href":"https:\/\/www.iitr.de\/blog\/wp-json\/wp\/v2\/comments?post=21930"}],"version-history":[{"count":23,"href":"https:\/\/www.iitr.de\/blog\/wp-json\/wp\/v2\/posts\/21930\/revisions"}],"predecessor-version":[{"id":22441,"href":"https:\/\/www.iitr.de\/blog\/wp-json\/wp\/v2\/posts\/21930\/revisions\/22441"}],"wp:attachment":[{"href":"https:\/\/www.iitr.de\/blog\/wp-json\/wp\/v2\/media?parent=21930"}],"wp:term":[{"taxonomy":"category","embeddable":true,"href":"https:\/\/www.iitr.de\/blog\/wp-json\/wp\/v2\/categories?post=21930"},{"taxonomy":"post_tag","embeddable":true,"href":"https:\/\/www.iitr.de\/blog\/wp-json\/wp\/v2\/tags?post=21930"}],"curies":[{"name":"wp","href":"https:\/\/api.w.org\/{rel}","templated":true}]}}