{"id":14575,"date":"2020-07-05T15:40:58","date_gmt":"2020-07-05T13:40:58","guid":{"rendered":"https:\/\/www.iitr.de\/blog\/?p=14575"},"modified":"2025-09-03T13:35:41","modified_gmt":"2025-09-03T11:35:41","slug":"die-datenwoche-im-datenschutz-kw27-2020","status":"publish","type":"post","link":"https:\/\/www.iitr.de\/blog\/die-datenwoche-im-datenschutz-kw27-2020\/14575\/","title":{"rendered":"Die Datenwoche im Datenschutz (KW27 2020)"},"content":{"rendered":"<p>[<a href=\"\/\/www.iitr.de\/\" target=\"_blank\" rel=\"noopener noreferrer\">IITR<\/a> &#8211; 5.7.20] Hier finden Sie einen subjektiv zusammengestellten Querschnitt zu Datenschutz-Themen dieser Woche (&gt;&gt;&gt; WhatsApp Pay: keine Genehmigung von Brasiliens Zentralbank &gt;&gt;&gt; Vorsicht beim Immunit\u00e4tsausweis &gt;&gt;&gt; Millionenstrafe gegen AOK verh\u00e4ngt &gt;&gt;&gt; Hardware-Verschl\u00fcsselung mit Vorteilen gegen\u00fcber rein Software-basierten L\u00f6sungen &gt;&gt;&gt; Bundeskartellamt: Smart-TV-Hersteller versto\u00dfen massiv gegen die DSGVO &gt;&gt;&gt; E-Patientenakte kommt voran &gt;&gt;&gt; Kopieren der Zwischenablage auf IPhones &gt;&gt;&gt; Linkedin will die iOS-Zwischenablage nicht mehr auslesen).<\/p>\n<p><!--more--><\/p>\n<p>Sonntag, 28. Juni 2020<\/p>\n<p><strong>WhatsApp Pay<\/strong> erh\u00e4lt <strong>keine Genehmigung von Brasiliens Zentralbank<\/strong>.\u00a0<a href=\"https:\/\/basic-tutorials.de\/news\/whatsapp-pay-erhaelt-keine-genehmigung-von-brasiliens-zentralbank\/\" target=\"_blank\" rel=\"noopener noreferrer\">www.basic-tutorials.de&#8230;<\/a><\/p>\n<p>***<\/p>\n<p>Montag, 29. Juni 2020<\/p>\n<p><strong>Vorsicht beim Immunit\u00e4tsausweis.<\/strong> &#8211; Niedersachsens Datenschutzbeauftragte Barbara Thiel hat zu Vorsicht bei der Einf\u00fchrung eines sogenannten Immunit\u00e4tsausweises aufgerufen. <a href=\"https:\/\/www.sueddeutsche.de\/gesundheit\/gesundheit-oldenburg-datenschutzbeauftragte-vorsicht-beim-immunitaetsausweis-dpa.urn-newsml-dpa-com-20090101-200629-99-600741\" target=\"_blank\" rel=\"noopener noreferrer\">sueddeutsche.de&#8230;<\/a><\/p>\n<p>***<\/p>\n<p>Dienstag, 30. Juni 2020<\/p>\n<p>Datenschutz: <strong>Millionenstrafe gegen AOK verh\u00e4ngt.<\/strong>\u00a0Die AOK Baden-W\u00fcrttemberg hatte bei Gewinnspielen erhobene Daten zweckentfremdet. Die Krankenkasse zeigte sich mittlerweile einsichtig und \u00fcberarbeitet ihren Datenschutz. procontra-online.de&#8230;<\/p>\n<p>***<\/p>\n<p>Hardware-Verschl\u00fcsselung <strong>mobiler Daten<\/strong>. Gerade in der aktuellen Corona-Situation werden Daten mobiler. Damit w\u00e4chst zwangsl\u00e4ufig das Risiko, dass sie in unbefugte H\u00e4nde gelangen. Einen zentralen Beitrag f\u00fcr Informationssicherheit leistet die <strong>Hardware-Verschl\u00fcsselung, mit Vorteilen gegen\u00fcber rein Software-basierten L\u00f6sungen<\/strong>. <a href=\"https:\/\/www.funkschau.de\/sicherheit-datenschutz\/hinter-schloss-und-riegel.177661\/seite-3.html\" target=\"_blank\" rel=\"noopener noreferrer\">Christian Marh\u00f6fer, Diana K\u00fcnstler, funkschau.de&#8230;<\/a><\/p>\n<p>***<\/p>\n<p>Donnerstag, 2. Juli 2020<\/p>\n<p><strong>Bundeskartellamt: Smart-TV-Hersteller versto\u00dfen massiv gegen die DSGVO<\/strong>. Vernetzte Fernsehger\u00e4te sammeln oft ohne Wissen der Betroffenen intime Nutzungsdaten, haben die Wettbewerbsh\u00fcter festgestellt. An der IT-Sicherheit hapere es. <a href=\"https:\/\/www.heise.de\/news\/Bundeskartellamt-Smart-TV-Hersteller-verstossen-massiv-gegen-die-DSGVO-4801949.html\" target=\"_blank\" rel=\"noopener noreferrer\">Stefan Krempl, heise.de&#8230;<\/a><\/p>\n<p>***<\/p>\n<p>Freitag, 3. Juli 2020<\/p>\n<p><strong>E-Patientenakte kommt voran<\/strong> &#8211; Kritik beim Datenschutz. R\u00f6ntgenbilder, Befunde, Impfungen: Wichtige Daten f\u00fcr den n\u00e4chsten Praxisbesuch sollen Patienten bald auch digital parat haben k\u00f6nnen. Weitere Details sind nun besiegelt &#8211; manche sto\u00dfen aber auf Protest. <a href=\"https:\/\/www.welt.de\/newsticker\/dpa_nt\/infoline_nt\/netzwelt\/article210960621\/E-Patientenakte-kommt-voran-Kritik-beim-Datenschutz.html\" target=\"_blank\" rel=\"noopener noreferrer\">welt.de&#8230;<\/a><\/p>\n<p>***<\/p>\n<p>Samstag, 4. Juli 2020<\/p>\n<p>iOS 14: Auch LinkedIn und Reddit \u00fcberwachen die Zwischenablage. Nach TikTok sind mit LinkedIn und Reddit zwei weitere Apps durch <strong>das bislang<\/strong> <strong>unbekannte Kopieren der Zwischenablage auf IPhones<\/strong> aufgefallen.\u00a0<a href=\"https:\/\/www.heise.de\/news\/iOS-14-Auch-LinkedIn-und-Reddit-ueberwachen-die-Zwischenablage-4836108.html\" target=\"_blank\" rel=\"noopener noreferrer\">Patrick Bellmer, heise.de&#8230;<\/a><\/p>\n<p>***<\/p>\n<p>Sonntag, 5. Juli 2020<\/p>\n<p><strong>Linkedin will die iOS-Zwischenablage nicht mehr auslesen.<\/strong> Die Zwischenablage auszulesen war ein Bug, kein Feature: Dass die iOS-App von Linkedin auf die Zwischenablage zugreife, sei nicht beabsichtigt und solle umgehend ge\u00e4ndert werden. <a href=\"https:\/\/www.golem.de\/news\/datenschutz-linkedin-will-die-ios-zwischenablage-nicht-mehr-auslesen-2007-149451.html\" target=\"_blank\" rel=\"noopener noreferrer\">Werner Pluta, golem.de&#8230;<\/a><\/p>\n<blockquote><p><strong>Ausgesucht von:<\/strong><br \/>\n<a href=\"\/\/www.iitr.de\" target=\"_blank\" rel=\"noopener noreferrer\">Eckehard Kraska<\/a><\/p>\n<p>Telefon: 089-1891 7360<br \/>\n<a href=\"\/\/www.iitr.de\/kontakt.html\" target=\"_blank\" rel=\"noopener noreferrer\">E-Mail-Kontaktformular<\/a><br \/>\nE-Mail: <a href=\"mailto:email@iitr.de\">email@iitr.de<\/a><\/p><\/blockquote>\n<p><strong>\u00a0<\/strong><\/p>\n<p><strong>Information bei neuen Entwicklungen im Datenschutz<\/strong><\/p>\n<p>Tragen Sie sich einfach in unseren <a href=\"\/\/www.iitr.de\/newsletter.html\" target=\"_self\" rel=\"noopener noreferrer\">Newsletter<\/a> ein und wir informieren Sie \u00fcber aktuelle Entwicklungen im Datenschutzrecht.<\/p>\n","protected":false},"excerpt":{"rendered":"<p>[IITR &#8211; 5.7.20] Hier finden Sie einen subjektiv zusammengestellten Querschnitt zu Datenschutz-Themen dieser Woche (&gt;&gt;&gt; WhatsApp Pay: keine Genehmigung von Brasiliens Zentralbank &gt;&gt;&gt; Vorsicht beim Immunit\u00e4tsausweis &gt;&gt;&gt; Millionenstrafe gegen AOK verh\u00e4ngt &gt;&gt;&gt; Hardware-Verschl\u00fcsselung mit Vorteilen gegen\u00fcber rein Software-basierten L\u00f6sungen &gt;&gt;&gt; Bundeskartellamt: Smart-TV-Hersteller versto\u00dfen massiv gegen die DSGVO &gt;&gt;&gt; E-Patientenakte kommt voran &gt;&gt;&gt; Kopieren der Zwischenablage &hellip; <a href=\"https:\/\/www.iitr.de\/blog\/die-datenwoche-im-datenschutz-kw27-2020\/14575\/\" class=\"more-link\"><span class=\"screen-reader-text\">Die Datenwoche im Datenschutz (KW27 2020)<\/span> weiterlesen<\/a><\/p>\n","protected":false},"author":14,"featured_media":0,"comment_status":"open","ping_status":"open","sticky":false,"template":"","format":"standard","meta":{"_acf_changed":false,"footnotes":""},"categories":[721],"tags":[4797,4287,16,722,4738,165,4519,4809,4762,1420,2450,1295,4808,4810],"class_list":["post-14575","post","type-post","status-publish","format-standard","hentry","category-datenwoche","tag-aok","tag-brasilien","tag-datenschutz","tag-datenwoche-2","tag-e-patientenakte","tag-eu","tag-hersteller","tag-immunitaetsausweis","tag-iphones","tag-kw27","tag-smart-tv","tag-verschlusselung","tag-whatsapp-pay","tag-zwischenablage"],"acf":[],"yoast_head":"<!-- This site is optimized with the Yoast SEO plugin v27.5 - https:\/\/yoast.com\/product\/yoast-seo-wordpress\/ -->\n<title>Datenwoche im Datenschutz (KW27 2020)<\/title>\n<meta name=\"description\" content=\"Datenschutz und Datenwoche: WhatsApp Pay Brasilien, Immunit\u00e4tsausweis, AOK, Verschl\u00fcsselung, Smart-TV-Hersteller, E-Patientenakte\" \/>\n<meta name=\"robots\" content=\"index, follow, max-snippet:-1, max-image-preview:large, max-video-preview:-1\" \/>\n<link rel=\"canonical\" href=\"https:\/\/www.iitr.de\/blog\/die-datenwoche-im-datenschutz-kw27-2020\/14575\/\" \/>\n<meta property=\"og:locale\" content=\"de_DE\" \/>\n<meta property=\"og:type\" content=\"article\" \/>\n<meta property=\"og:title\" content=\"Datenwoche im Datenschutz (KW27 2020)\" \/>\n<meta property=\"og:description\" content=\"Datenschutz und Datenwoche: WhatsApp Pay Brasilien, Immunit\u00e4tsausweis, AOK, Verschl\u00fcsselung, Smart-TV-Hersteller, E-Patientenakte\" \/>\n<meta property=\"og:url\" content=\"https:\/\/www.iitr.de\/blog\/die-datenwoche-im-datenschutz-kw27-2020\/14575\/\" \/>\n<meta property=\"og:site_name\" content=\"Das Datenschutz-Blog\" \/>\n<meta property=\"article:published_time\" content=\"2020-07-05T13:40:58+00:00\" \/>\n<meta property=\"article:modified_time\" content=\"2025-09-03T11:35:41+00:00\" \/>\n<meta name=\"author\" content=\"Sebastian Kraska\" \/>\n<meta name=\"twitter:card\" content=\"summary_large_image\" \/>\n<meta name=\"twitter:creator\" content=\"@sebkraska\" \/>\n<meta name=\"twitter:site\" content=\"@sebkraska\" \/>\n<meta name=\"twitter:label1\" content=\"Geschrieben von\" \/>\n\t<meta name=\"twitter:data1\" content=\"Sebastian Kraska\" \/>\n\t<meta name=\"twitter:label2\" content=\"Gesch\u00e4tzte Lesezeit\" \/>\n\t<meta name=\"twitter:data2\" content=\"2\u00a0Minuten\" \/>\n<script type=\"application\/ld+json\" class=\"yoast-schema-graph\">{\"@context\":\"https:\\\/\\\/schema.org\",\"@graph\":[{\"@type\":\"Article\",\"@id\":\"https:\\\/\\\/www.iitr.de\\\/blog\\\/die-datenwoche-im-datenschutz-kw27-2020\\\/14575\\\/#article\",\"isPartOf\":{\"@id\":\"https:\\\/\\\/www.iitr.de\\\/blog\\\/die-datenwoche-im-datenschutz-kw27-2020\\\/14575\\\/\"},\"author\":{\"name\":\"Sebastian Kraska\",\"@id\":\"https:\\\/\\\/www.iitr.de\\\/blog\\\/#\\\/schema\\\/person\\\/632d8781fda6b4fe5a5196f8dff9a01e\"},\"headline\":\"Die Datenwoche im Datenschutz (KW27 2020)\",\"datePublished\":\"2020-07-05T13:40:58+00:00\",\"dateModified\":\"2025-09-03T11:35:41+00:00\",\"mainEntityOfPage\":{\"@id\":\"https:\\\/\\\/www.iitr.de\\\/blog\\\/die-datenwoche-im-datenschutz-kw27-2020\\\/14575\\\/\"},\"wordCount\":398,\"commentCount\":0,\"publisher\":{\"@id\":\"https:\\\/\\\/www.iitr.de\\\/blog\\\/#organization\"},\"keywords\":[\"AOK\",\"Brasilien\",\"datenschutz\",\"datenwoche\",\"E-Patientenakte\",\"eu\",\"Hersteller\",\"Immunit\u00e4tsausweis\",\"iPhones\",\"kw27\",\"Smart-TV\",\"Verschl\u00fcsselung\",\"WhatsApp Pay\",\"Zwischenablage\"],\"articleSection\":[\"Datenschutz-Woche\"],\"inLanguage\":\"de\",\"potentialAction\":[{\"@type\":\"CommentAction\",\"name\":\"Comment\",\"target\":[\"https:\\\/\\\/www.iitr.de\\\/blog\\\/die-datenwoche-im-datenschutz-kw27-2020\\\/14575\\\/#respond\"]}]},{\"@type\":\"WebPage\",\"@id\":\"https:\\\/\\\/www.iitr.de\\\/blog\\\/die-datenwoche-im-datenschutz-kw27-2020\\\/14575\\\/\",\"url\":\"https:\\\/\\\/www.iitr.de\\\/blog\\\/die-datenwoche-im-datenschutz-kw27-2020\\\/14575\\\/\",\"name\":\"Datenwoche im Datenschutz (KW27 2020)\",\"isPartOf\":{\"@id\":\"https:\\\/\\\/www.iitr.de\\\/blog\\\/#website\"},\"datePublished\":\"2020-07-05T13:40:58+00:00\",\"dateModified\":\"2025-09-03T11:35:41+00:00\",\"description\":\"Datenschutz und Datenwoche: WhatsApp Pay Brasilien, Immunit\u00e4tsausweis, AOK, Verschl\u00fcsselung, Smart-TV-Hersteller, E-Patientenakte\",\"breadcrumb\":{\"@id\":\"https:\\\/\\\/www.iitr.de\\\/blog\\\/die-datenwoche-im-datenschutz-kw27-2020\\\/14575\\\/#breadcrumb\"},\"inLanguage\":\"de\",\"potentialAction\":[{\"@type\":\"ReadAction\",\"target\":[\"https:\\\/\\\/www.iitr.de\\\/blog\\\/die-datenwoche-im-datenschutz-kw27-2020\\\/14575\\\/\"]}]},{\"@type\":\"BreadcrumbList\",\"@id\":\"https:\\\/\\\/www.iitr.de\\\/blog\\\/die-datenwoche-im-datenschutz-kw27-2020\\\/14575\\\/#breadcrumb\",\"itemListElement\":[{\"@type\":\"ListItem\",\"position\":1,\"name\":\"Startseite\",\"item\":\"https:\\\/\\\/www.iitr.de\\\/blog\\\/\"},{\"@type\":\"ListItem\",\"position\":2,\"name\":\"Die Datenwoche im Datenschutz (KW27 2020)\"}]},{\"@type\":\"WebSite\",\"@id\":\"https:\\\/\\\/www.iitr.de\\\/blog\\\/#website\",\"url\":\"https:\\\/\\\/www.iitr.de\\\/blog\\\/\",\"name\":\"Das Datenschutz-Blog\",\"description\":\"IITR\",\"publisher\":{\"@id\":\"https:\\\/\\\/www.iitr.de\\\/blog\\\/#organization\"},\"potentialAction\":[{\"@type\":\"SearchAction\",\"target\":{\"@type\":\"EntryPoint\",\"urlTemplate\":\"https:\\\/\\\/www.iitr.de\\\/blog\\\/?s={search_term_string}\"},\"query-input\":{\"@type\":\"PropertyValueSpecification\",\"valueRequired\":true,\"valueName\":\"search_term_string\"}}],\"inLanguage\":\"de\"},{\"@type\":\"Organization\",\"@id\":\"https:\\\/\\\/www.iitr.de\\\/blog\\\/#organization\",\"name\":\"IITR Datenschutz GmbH\",\"url\":\"https:\\\/\\\/www.iitr.de\\\/blog\\\/\",\"logo\":{\"@type\":\"ImageObject\",\"inLanguage\":\"de\",\"@id\":\"https:\\\/\\\/www.iitr.de\\\/blog\\\/#\\\/schema\\\/logo\\\/image\\\/\",\"url\":\"https:\\\/\\\/www.iitr.de\\\/blog\\\/wp-content\\\/uploads\\\/2020\\\/09\\\/externer-datenschutzbeauftragter-iitr-gross.jpg\",\"contentUrl\":\"https:\\\/\\\/www.iitr.de\\\/blog\\\/wp-content\\\/uploads\\\/2020\\\/09\\\/externer-datenschutzbeauftragter-iitr-gross.jpg\",\"width\":294,\"height\":100,\"caption\":\"IITR Datenschutz GmbH\"},\"image\":{\"@id\":\"https:\\\/\\\/www.iitr.de\\\/blog\\\/#\\\/schema\\\/logo\\\/image\\\/\"},\"sameAs\":[\"https:\\\/\\\/x.com\\\/sebkraska\",\"https:\\\/\\\/www.youtube.com\\\/user\\\/datenschutzvideos\\\/\"]},{\"@type\":\"Person\",\"@id\":\"https:\\\/\\\/www.iitr.de\\\/blog\\\/#\\\/schema\\\/person\\\/632d8781fda6b4fe5a5196f8dff9a01e\",\"name\":\"Sebastian Kraska\"}]}<\/script>\n<!-- \/ Yoast SEO plugin. -->","yoast_head_json":{"title":"Datenwoche im Datenschutz (KW27 2020)","description":"Datenschutz und Datenwoche: WhatsApp Pay Brasilien, Immunit\u00e4tsausweis, AOK, Verschl\u00fcsselung, Smart-TV-Hersteller, E-Patientenakte","robots":{"index":"index","follow":"follow","max-snippet":"max-snippet:-1","max-image-preview":"max-image-preview:large","max-video-preview":"max-video-preview:-1"},"canonical":"https:\/\/www.iitr.de\/blog\/die-datenwoche-im-datenschutz-kw27-2020\/14575\/","og_locale":"de_DE","og_type":"article","og_title":"Datenwoche im Datenschutz (KW27 2020)","og_description":"Datenschutz und Datenwoche: WhatsApp Pay Brasilien, Immunit\u00e4tsausweis, AOK, Verschl\u00fcsselung, Smart-TV-Hersteller, E-Patientenakte","og_url":"https:\/\/www.iitr.de\/blog\/die-datenwoche-im-datenschutz-kw27-2020\/14575\/","og_site_name":"Das Datenschutz-Blog","article_published_time":"2020-07-05T13:40:58+00:00","article_modified_time":"2025-09-03T11:35:41+00:00","author":"Sebastian Kraska","twitter_card":"summary_large_image","twitter_creator":"@sebkraska","twitter_site":"@sebkraska","twitter_misc":{"Geschrieben von":"Sebastian Kraska","Gesch\u00e4tzte Lesezeit":"2\u00a0Minuten"},"schema":{"@context":"https:\/\/schema.org","@graph":[{"@type":"Article","@id":"https:\/\/www.iitr.de\/blog\/die-datenwoche-im-datenschutz-kw27-2020\/14575\/#article","isPartOf":{"@id":"https:\/\/www.iitr.de\/blog\/die-datenwoche-im-datenschutz-kw27-2020\/14575\/"},"author":{"name":"Sebastian Kraska","@id":"https:\/\/www.iitr.de\/blog\/#\/schema\/person\/632d8781fda6b4fe5a5196f8dff9a01e"},"headline":"Die Datenwoche im Datenschutz (KW27 2020)","datePublished":"2020-07-05T13:40:58+00:00","dateModified":"2025-09-03T11:35:41+00:00","mainEntityOfPage":{"@id":"https:\/\/www.iitr.de\/blog\/die-datenwoche-im-datenschutz-kw27-2020\/14575\/"},"wordCount":398,"commentCount":0,"publisher":{"@id":"https:\/\/www.iitr.de\/blog\/#organization"},"keywords":["AOK","Brasilien","datenschutz","datenwoche","E-Patientenakte","eu","Hersteller","Immunit\u00e4tsausweis","iPhones","kw27","Smart-TV","Verschl\u00fcsselung","WhatsApp Pay","Zwischenablage"],"articleSection":["Datenschutz-Woche"],"inLanguage":"de","potentialAction":[{"@type":"CommentAction","name":"Comment","target":["https:\/\/www.iitr.de\/blog\/die-datenwoche-im-datenschutz-kw27-2020\/14575\/#respond"]}]},{"@type":"WebPage","@id":"https:\/\/www.iitr.de\/blog\/die-datenwoche-im-datenschutz-kw27-2020\/14575\/","url":"https:\/\/www.iitr.de\/blog\/die-datenwoche-im-datenschutz-kw27-2020\/14575\/","name":"Datenwoche im Datenschutz (KW27 2020)","isPartOf":{"@id":"https:\/\/www.iitr.de\/blog\/#website"},"datePublished":"2020-07-05T13:40:58+00:00","dateModified":"2025-09-03T11:35:41+00:00","description":"Datenschutz und Datenwoche: WhatsApp Pay Brasilien, Immunit\u00e4tsausweis, AOK, Verschl\u00fcsselung, Smart-TV-Hersteller, E-Patientenakte","breadcrumb":{"@id":"https:\/\/www.iitr.de\/blog\/die-datenwoche-im-datenschutz-kw27-2020\/14575\/#breadcrumb"},"inLanguage":"de","potentialAction":[{"@type":"ReadAction","target":["https:\/\/www.iitr.de\/blog\/die-datenwoche-im-datenschutz-kw27-2020\/14575\/"]}]},{"@type":"BreadcrumbList","@id":"https:\/\/www.iitr.de\/blog\/die-datenwoche-im-datenschutz-kw27-2020\/14575\/#breadcrumb","itemListElement":[{"@type":"ListItem","position":1,"name":"Startseite","item":"https:\/\/www.iitr.de\/blog\/"},{"@type":"ListItem","position":2,"name":"Die Datenwoche im Datenschutz (KW27 2020)"}]},{"@type":"WebSite","@id":"https:\/\/www.iitr.de\/blog\/#website","url":"https:\/\/www.iitr.de\/blog\/","name":"Das Datenschutz-Blog","description":"IITR","publisher":{"@id":"https:\/\/www.iitr.de\/blog\/#organization"},"potentialAction":[{"@type":"SearchAction","target":{"@type":"EntryPoint","urlTemplate":"https:\/\/www.iitr.de\/blog\/?s={search_term_string}"},"query-input":{"@type":"PropertyValueSpecification","valueRequired":true,"valueName":"search_term_string"}}],"inLanguage":"de"},{"@type":"Organization","@id":"https:\/\/www.iitr.de\/blog\/#organization","name":"IITR Datenschutz GmbH","url":"https:\/\/www.iitr.de\/blog\/","logo":{"@type":"ImageObject","inLanguage":"de","@id":"https:\/\/www.iitr.de\/blog\/#\/schema\/logo\/image\/","url":"https:\/\/www.iitr.de\/blog\/wp-content\/uploads\/2020\/09\/externer-datenschutzbeauftragter-iitr-gross.jpg","contentUrl":"https:\/\/www.iitr.de\/blog\/wp-content\/uploads\/2020\/09\/externer-datenschutzbeauftragter-iitr-gross.jpg","width":294,"height":100,"caption":"IITR Datenschutz GmbH"},"image":{"@id":"https:\/\/www.iitr.de\/blog\/#\/schema\/logo\/image\/"},"sameAs":["https:\/\/x.com\/sebkraska","https:\/\/www.youtube.com\/user\/datenschutzvideos\/"]},{"@type":"Person","@id":"https:\/\/www.iitr.de\/blog\/#\/schema\/person\/632d8781fda6b4fe5a5196f8dff9a01e","name":"Sebastian Kraska"}]}},"_links":{"self":[{"href":"https:\/\/www.iitr.de\/blog\/wp-json\/wp\/v2\/posts\/14575","targetHints":{"allow":["GET"]}}],"collection":[{"href":"https:\/\/www.iitr.de\/blog\/wp-json\/wp\/v2\/posts"}],"about":[{"href":"https:\/\/www.iitr.de\/blog\/wp-json\/wp\/v2\/types\/post"}],"author":[{"embeddable":true,"href":"https:\/\/www.iitr.de\/blog\/wp-json\/wp\/v2\/users\/14"}],"replies":[{"embeddable":true,"href":"https:\/\/www.iitr.de\/blog\/wp-json\/wp\/v2\/comments?post=14575"}],"version-history":[{"count":8,"href":"https:\/\/www.iitr.de\/blog\/wp-json\/wp\/v2\/posts\/14575\/revisions"}],"predecessor-version":[{"id":20027,"href":"https:\/\/www.iitr.de\/blog\/wp-json\/wp\/v2\/posts\/14575\/revisions\/20027"}],"wp:attachment":[{"href":"https:\/\/www.iitr.de\/blog\/wp-json\/wp\/v2\/media?parent=14575"}],"wp:term":[{"taxonomy":"category","embeddable":true,"href":"https:\/\/www.iitr.de\/blog\/wp-json\/wp\/v2\/categories?post=14575"},{"taxonomy":"post_tag","embeddable":true,"href":"https:\/\/www.iitr.de\/blog\/wp-json\/wp\/v2\/tags?post=14575"}],"curies":[{"name":"wp","href":"https:\/\/api.w.org\/{rel}","templated":true}]}}